{"id":300984,"date":"2026-01-28T15:31:42","date_gmt":"2026-01-28T19:31:42","guid":{"rendered":"https:\/\/elluchador.info\/?p=300984"},"modified":"2026-01-28T15:33:21","modified_gmt":"2026-01-28T19:33:21","slug":"nadia-ferreira-y-marc-anthony-anuncian-que-esperan-a-su-segundo-hijo","status":"publish","type":"post","link":"https:\/\/elluchador.info\/?p=300984","title":{"rendered":"Nadia Ferreira y Marc Anthony anuncian la espera de su segundo hijo"},"content":{"rendered":"\n<p>La modelo paraguaya, Nadia Ferreira y el cantante Marc Anthony tendr\u00e1n su segundo beb\u00e9. El anuncio lo realiz\u00f3 la pareja a trav\u00e9s de las redes sociales este mi\u00e9rcoles, fecha en la que celebran su tercer aniversario de bodas.<\/p>\n\n\n\n<p>Este ser\u00eda el segundo hijo en com\u00fan de la pareja, que mantiene una relaci\u00f3n desde 2022 y contrajo matrimonio en 2023. Su primog\u00e9nito naci\u00f3 en junio de ese mismo a\u00f1o.<\/p>\n\n\n\n<p>Para Marc Anthony, este beb\u00e9 ser\u00e1 su octavo hijo. El artista ya es padre de seis hijos de relaciones anteriores:<\/p>\n\n\n\n<p>Arianna y Chase, a quienes crio con Debbie Rosado<\/p>\n\n\n\n<p>Cristian y Ryan, de su v\u00ednculo con Dayanara Torres<\/p>\n\n\n\n<p>Y los mellizos Emme y Max, que tuvo con Jennifer L\u00f3pez<\/p>\n\n\n\n<p>La noticia compartida en Instagram ha generado reacciones entre sus colegas y seguidores, celebrando la noticia, entre las que destacan las palabras de David Beckham, Lele Pons, Luis Fonsi, Prince Royce, Karime Pindter, Brenda Kellerman, Vicente Fern\u00e1ndez Jr.<\/p>\n\n\n\n<p>En la publicaci\u00f3n aparecen las manos de ambos artistas junto a las de su hijo mayor, posadas sobre la pancita de la mam\u00e1.<em> \u00ab\u00a1Feliz tercer aniversario! Qu\u00e9 regalo tan grande nos da la vida. Dios es grande. Marquito va a ser hermano mayor\u00bb<\/em>, escribi\u00f3 la modelo.<\/p>\n\n\n\n<p>Con informaci\u00f3n <strong>AP<\/strong><\/p>\n","protected":false},"excerpt":{"rendered":"<p>La modelo paraguaya, Nadia Ferreira y el cantante Marc Anthony tendr\u00e1n su segundo beb\u00e9. El anuncio lo realiz\u00f3 la pareja a trav\u00e9s de las redes sociales este mi\u00e9rcoles, fecha en la que celebran su tercer aniversario de bodas. Este ser\u00eda el segundo hijo en com\u00fan de la pareja, que mantiene una relaci\u00f3n desde 2022 y [&hellip;]<\/p>\n","protected":false},"author":33,"featured_media":300985,"comment_status":"closed","ping_status":"closed","sticky":false,"template":"","format":"standard","meta":{"footnotes":""},"categories":[7],"tags":[495,6472,6471],"class_list":{"0":"post-300984","1":"post","2":"type-post","3":"status-publish","4":"format-standard","5":"has-post-thumbnail","7":"category-entretenimiento","8":"tag-bebe","9":"tag-marc","10":"tag-nadia"},"_links":{"self":[{"href":"https:\/\/elluchador.info\/index.php?rest_route=\/wp\/v2\/posts\/300984","targetHints":{"allow":["GET"]}}],"collection":[{"href":"https:\/\/elluchador.info\/index.php?rest_route=\/wp\/v2\/posts"}],"about":[{"href":"https:\/\/elluchador.info\/index.php?rest_route=\/wp\/v2\/types\/post"}],"author":[{"embeddable":true,"href":"https:\/\/elluchador.info\/index.php?rest_route=\/wp\/v2\/users\/33"}],"replies":[{"embeddable":true,"href":"https:\/\/elluchador.info\/index.php?rest_route=%2Fwp%2Fv2%2Fcomments&post=300984"}],"version-history":[{"count":2,"href":"https:\/\/elluchador.info\/index.php?rest_route=\/wp\/v2\/posts\/300984\/revisions"}],"predecessor-version":[{"id":300987,"href":"https:\/\/elluchador.info\/index.php?rest_route=\/wp\/v2\/posts\/300984\/revisions\/300987"}],"wp:featuredmedia":[{"embeddable":true,"href":"https:\/\/elluchador.info\/index.php?rest_route=\/wp\/v2\/media\/300985"}],"wp:attachment":[{"href":"https:\/\/elluchador.info\/index.php?rest_route=%2Fwp%2Fv2%2Fmedia&parent=300984"}],"wp:term":[{"taxonomy":"category","embeddable":true,"href":"https:\/\/elluchador.info\/index.php?rest_route=%2Fwp%2Fv2%2Fcategories&post=300984"},{"taxonomy":"post_tag","embeddable":true,"href":"https:\/\/elluchador.info\/index.php?rest_route=%2Fwp%2Fv2%2Ftags&post=300984"}],"curies":[{"name":"wp","href":"https:\/\/api.w.org\/{rel}","templated":true}]}}