{"id":300989,"date":"2026-01-28T15:51:49","date_gmt":"2026-01-28T19:51:49","guid":{"rendered":"https:\/\/elluchador.info\/?p=300989"},"modified":"2026-01-28T15:52:16","modified_gmt":"2026-01-28T19:52:16","slug":"desaparece-avion-comercial-con-15-personas-a-bordo-en-el-noreste-de-colombia","status":"publish","type":"post","link":"https:\/\/elluchador.info\/?p=300989","title":{"rendered":"Desaparece avi\u00f3n comercial con 15 personas a bordo en el noreste de Colombia"},"content":{"rendered":"\n<p>Un avi\u00f3n comercial, con 15 personas a bordo \u201413 pasajeros y dos tripulantes\u2014, desapareci\u00f3 en el departamento de Norte de Santander, al noreste de Colombia.<\/p>\n\n\n\n<p>La aeronave, un <strong>Beechcraft 1900 de la aerol\u00ednea Satena<\/strong> identificada con la matr\u00edcula HK-4709, realizaba el trayecto entre C\u00facuta, capital de ese departamento, y Oca\u00f1a, tras haber cumplido una ruta inicial desde el aeropuerto Olaya Herrera de Medell\u00edn, en Antioquia, recoge <em>Blu Radio<\/em>.<\/p>\n\n\n\n<p>La aerol\u00ednea detall\u00f3 que el vuelo despeg\u00f3 de C\u00facuta a las 11:42 de la ma\u00f1ana [hora local] y ten\u00eda previsto aterrizar en el aeropuerto Aguas Claras de Oca\u00f1a a las 12:05 del mediod\u00eda. \u00abReport\u00f3 su \u00faltimo contacto con el control de tr\u00e1fico a\u00e9reo a las 11:54 a.m.\u00bb, indic\u00f3 la empresa mediante un comunicado.<\/p>\n\n\n\n<p>La ministra de Transporte, Mar\u00eda Fernanda Rojas, inform\u00f3, a trav\u00e9s de su cuenta en X, que la Direcci\u00f3n de Investigaci\u00f3n de Accidentes de Aeron\u00e1utica Civil \u00abse encuentra recogiendo informaci\u00f3n respecto a la p\u00e9rdida de comunicaci\u00f3n de la aeronave\u00bb.<\/p>\n\n\n\n<p>\u00abSe activaron los protocolos correspondientes\u00bb y ya se puso en marcha un Puesto de Mando Unificado (PMU), detall\u00f3 la funcionaria.<\/p>\n\n\n\n<p>Con informaci\u00f3n <strong><em>Actualidad RT<\/em><\/strong><\/p>\n","protected":false},"excerpt":{"rendered":"<p>Un avi\u00f3n comercial, con 15 personas a bordo \u201413 pasajeros y dos tripulantes\u2014, desapareci\u00f3 en el departamento de Norte de Santander, al noreste de Colombia. La aeronave, un Beechcraft 1900 de la aerol\u00ednea Satena identificada con la matr\u00edcula HK-4709, realizaba el trayecto entre C\u00facuta, capital de ese departamento, y Oca\u00f1a, tras haber cumplido una ruta [&hellip;]<\/p>\n","protected":false},"author":33,"featured_media":300990,"comment_status":"closed","ping_status":"closed","sticky":false,"template":"","format":"standard","meta":{"footnotes":""},"categories":[5,8],"tags":[6473,397],"class_list":{"0":"post-300989","1":"post","2":"type-post","3":"status-publish","4":"format-standard","5":"has-post-thumbnail","7":"category-destacado","8":"category-internacionales","9":"tag-avion-comercial","10":"tag-colombia"},"_links":{"self":[{"href":"https:\/\/elluchador.info\/index.php?rest_route=\/wp\/v2\/posts\/300989","targetHints":{"allow":["GET"]}}],"collection":[{"href":"https:\/\/elluchador.info\/index.php?rest_route=\/wp\/v2\/posts"}],"about":[{"href":"https:\/\/elluchador.info\/index.php?rest_route=\/wp\/v2\/types\/post"}],"author":[{"embeddable":true,"href":"https:\/\/elluchador.info\/index.php?rest_route=\/wp\/v2\/users\/33"}],"replies":[{"embeddable":true,"href":"https:\/\/elluchador.info\/index.php?rest_route=%2Fwp%2Fv2%2Fcomments&post=300989"}],"version-history":[{"count":1,"href":"https:\/\/elluchador.info\/index.php?rest_route=\/wp\/v2\/posts\/300989\/revisions"}],"predecessor-version":[{"id":300991,"href":"https:\/\/elluchador.info\/index.php?rest_route=\/wp\/v2\/posts\/300989\/revisions\/300991"}],"wp:featuredmedia":[{"embeddable":true,"href":"https:\/\/elluchador.info\/index.php?rest_route=\/wp\/v2\/media\/300990"}],"wp:attachment":[{"href":"https:\/\/elluchador.info\/index.php?rest_route=%2Fwp%2Fv2%2Fmedia&parent=300989"}],"wp:term":[{"taxonomy":"category","embeddable":true,"href":"https:\/\/elluchador.info\/index.php?rest_route=%2Fwp%2Fv2%2Fcategories&post=300989"},{"taxonomy":"post_tag","embeddable":true,"href":"https:\/\/elluchador.info\/index.php?rest_route=%2Fwp%2Fv2%2Ftags&post=300989"}],"curies":[{"name":"wp","href":"https:\/\/api.w.org\/{rel}","templated":true}]}}