{"id":300995,"date":"2026-01-28T17:10:14","date_gmt":"2026-01-28T21:10:14","guid":{"rendered":"https:\/\/elluchador.info\/?p=300995"},"modified":"2026-01-28T17:10:18","modified_gmt":"2026-01-28T21:10:18","slug":"orquesta-sinfonica-simon-bolivar-es-nominada-por-primera-vez-al-grammy","status":"publish","type":"post","link":"https:\/\/elluchador.info\/?p=300995","title":{"rendered":"Orquesta Sinf\u00f3nica Sim\u00f3n Bol\u00edvar es nominada por primera vez al Grammy"},"content":{"rendered":"\n<p>La Orquesta Sinf\u00f3nica Sim\u00f3n Bol\u00edvar de Venezuela alcanz\u00f3 un hito hist\u00f3rico en la historia de la m\u00fasica venezolana al convertirse en la primera orquesta latinoamericana en ser nominada en la categor\u00eda Best Orchestral Performance (Mejor interpretaci\u00f3n orquestal) y al ser nominada por primera vez en la historia de los premios de la Academia de Grabaci\u00f3n de Estados Unidos.<\/p>\n\n\n\n<p>La nominaci\u00f3n a esta categor\u00eda \u00abreconoce la excelencia t\u00e9cnica y el sonido \u00fanico de la orquesta\u00bb en su interpretaci\u00f3n del Bol\u00e9ro, M.81 de Maurice Ravel, pieza que fue ejecutada y grabada por 106 m\u00fasicos en 2025.<\/p>\n\n\n\n<p>El logro adem\u00e1s destaca a la SSBV como la primera orquesta latina en competir en esta categor\u00eda en la historia de los premios y en la que se enfrenta a orquestas americanas como la Boston Symphony Orchesta, The Philadelphia Orchesta, San Francisco Symphony y la National Philharmonic.<\/p>\n\n\n\n<p><strong>Para El Sistema, esta nominaci\u00f3n trasciende lo musical<\/strong><\/p>\n\n\n\n<p>Es un testimonio del modelo educativo fundado por el Maestro Jos\u00e9 Antonio Abreu, quien vislumbr\u00f3 el \u00e9xito internacional de sus integrantes desde los inicios.<\/p>\n\n\n\n<p>Eduardo M\u00e9ndez, director ejecutivo de El Sistema, destac\u00f3 que este reconocimiento es el resultado de una evoluci\u00f3n art\u00edstica profunda: \u201cEl color de la SSBV ha evolucionado. Hay una mezcla generacional importante; es una orquesta joven que ha pasado por m\u00faltiples procesos de formaci\u00f3n. Ese sonido caracter\u00edstico no se ha mantenido est\u00e1tico; la conjunci\u00f3n perfecta entre Gustavo Dudamel y la orquesta genera ese color \u00fanico que representa a Venezuela\u201d.<\/p>\n\n\n\n<p>\u201cVer a los muchachos de la orquesta, que hoy ya son profesores de alt\u00edsimo nivel, es una inspiraci\u00f3n para todos los ni\u00f1os y j\u00f3venes de los n\u00facleos en todo el pa\u00eds. Esta nominaci\u00f3n les da una esperanza de que ellos tambi\u00e9n pueden alcanzar estos objetivos a trav\u00e9s del estudio y la metodolog\u00eda de El Sistema\u201d, se\u00f1al\u00f3 Eduardo M\u00e9ndez, a\u00f1adiendo que, de estar presente, el Maestro Abreu ver\u00eda este logro como \u201cel comienzo de un c\u00famulo de \u00e9xitos futuros para todo El Sistema en general\u201d.<\/p>\n\n\n\n<p>Esta nominaci\u00f3n reafirma la posici\u00f3n de Venezuela en la \u00e9lite de la m\u00fasica acad\u00e9mica global y consolida el legado de un proyecto que utiliza la m\u00fasica como herramienta de transformaci\u00f3n social y excelencia art\u00edstica.<\/p>\n\n\n\n<p>Con informaci\u00f3n <strong><em>\u00daR<\/em><\/strong><\/p>\n","protected":false},"excerpt":{"rendered":"<p>La Orquesta Sinf\u00f3nica Sim\u00f3n Bol\u00edvar de Venezuela alcanz\u00f3 un hito hist\u00f3rico en la historia de la m\u00fasica venezolana al convertirse en la primera orquesta latinoamericana en ser nominada en la categor\u00eda Best Orchestral Performance (Mejor interpretaci\u00f3n orquestal) y al ser nominada por primera vez en la historia de los premios de la Academia de Grabaci\u00f3n [&hellip;]<\/p>\n","protected":false},"author":33,"featured_media":300996,"comment_status":"closed","ping_status":"closed","sticky":false,"template":"","format":"standard","meta":{"footnotes":""},"categories":[7],"tags":[940,2929,4599],"class_list":{"0":"post-300995","1":"post","2":"type-post","3":"status-publish","4":"format-standard","5":"has-post-thumbnail","7":"category-entretenimiento","8":"tag-grammy","9":"tag-nominacion","10":"tag-orquesta"},"_links":{"self":[{"href":"https:\/\/elluchador.info\/index.php?rest_route=\/wp\/v2\/posts\/300995","targetHints":{"allow":["GET"]}}],"collection":[{"href":"https:\/\/elluchador.info\/index.php?rest_route=\/wp\/v2\/posts"}],"about":[{"href":"https:\/\/elluchador.info\/index.php?rest_route=\/wp\/v2\/types\/post"}],"author":[{"embeddable":true,"href":"https:\/\/elluchador.info\/index.php?rest_route=\/wp\/v2\/users\/33"}],"replies":[{"embeddable":true,"href":"https:\/\/elluchador.info\/index.php?rest_route=%2Fwp%2Fv2%2Fcomments&post=300995"}],"version-history":[{"count":1,"href":"https:\/\/elluchador.info\/index.php?rest_route=\/wp\/v2\/posts\/300995\/revisions"}],"predecessor-version":[{"id":300997,"href":"https:\/\/elluchador.info\/index.php?rest_route=\/wp\/v2\/posts\/300995\/revisions\/300997"}],"wp:featuredmedia":[{"embeddable":true,"href":"https:\/\/elluchador.info\/index.php?rest_route=\/wp\/v2\/media\/300996"}],"wp:attachment":[{"href":"https:\/\/elluchador.info\/index.php?rest_route=%2Fwp%2Fv2%2Fmedia&parent=300995"}],"wp:term":[{"taxonomy":"category","embeddable":true,"href":"https:\/\/elluchador.info\/index.php?rest_route=%2Fwp%2Fv2%2Fcategories&post=300995"},{"taxonomy":"post_tag","embeddable":true,"href":"https:\/\/elluchador.info\/index.php?rest_route=%2Fwp%2Fv2%2Ftags&post=300995"}],"curies":[{"name":"wp","href":"https:\/\/api.w.org\/{rel}","templated":true}]}}