{"id":301002,"date":"2026-01-28T19:38:53","date_gmt":"2026-01-28T23:38:53","guid":{"rendered":"https:\/\/elluchador.info\/?p=301002"},"modified":"2026-01-28T19:38:57","modified_gmt":"2026-01-28T23:38:57","slug":"migrana-infantil-aprende-a-reconocer-las-senales-de-alerta-en-los-mas-pequeno","status":"publish","type":"post","link":"https:\/\/elluchador.info\/?p=301002","title":{"rendered":"Migra\u00f1a infantil: Aprende a reconocer las se\u00f1ales de alerta en los m\u00e1s peque\u00f1o"},"content":{"rendered":"\n<p>&nbsp;migra\u00f1a no es solo cosa de adultos, tambi\u00e9n aparece en la infancia y adolescencia, generalmente en ni\u00f1os y ni\u00f1as menores de 10 a\u00f1os. Se manifiesta en crisis cortas, de dos a tres horas, y con s\u00edntomas como n\u00e1useas, v\u00f3mitos e hipersensibilidad a est\u00edmulos externos.<\/p>\n\n\n\n<p>La Fundaci\u00f3n Espa\u00f1ola para las Cefaleas (FECEF) ha elaborado un documento sobre la migra\u00f1a en la infancia dirigido a las familias con menores afectados para que conozcan los detalles de esta enfermedad neurol\u00f3gica que cursa con un dolor intenso de cabeza.<\/p>\n\n\n\n<p>\u201cLa migra\u00f1a en ni\u00f1os y adolescentes es una enfermedad neurol\u00f3gica frecuente que requiere atenci\u00f3n espec\u00edfica\u201d, se\u00f1ala la autora del informe y miembro del Grupo de Estudio de Cefaleas de la Sociedad Espa\u00f1ola de Neurolog\u00eda (SEN) y del Comit\u00e9 Cient\u00edfico y Publicaciones de FECEF, doctora Nuria Pilar Riesco,<\/p>\n\n\n\n<p>Asimismo, la especialista considera que el reconocimiento temprano, la identificaci\u00f3n de antecedentes familiares y la aplicaci\u00f3n de medidas preventivas pueden reducir significativamente su impacto en la vida diaria: \u201cSi se act\u00faa de manera adecuada desde la infancia, nos podemos anticipar a las crisis y mejorar el bienestar de estos pacientes y sus familias\u201d.<\/p>\n\n\n\n<p>La migra\u00f1a es una enfermedad neurol\u00f3gica muy frecuente cuyo s\u00edntoma principal es el dolor de cabeza, lo que llamamos cefalea. Esta cefalea va a tener unas caracter\u00edsticas concretas y se puede acompa\u00f1ar de otros muchos s\u00edntomas como las n\u00e1useas o los v\u00f3mitos y la hipersensibilidad a est\u00edmulos externos como luces, ruidos u olores.<\/p>\n\n\n\n<p>Con informaci\u00f3n <strong><em>Agencias<\/em><\/strong>.-<\/p>\n","protected":false},"excerpt":{"rendered":"<p>&nbsp;migra\u00f1a no es solo cosa de adultos, tambi\u00e9n aparece en la infancia y adolescencia, generalmente en ni\u00f1os y ni\u00f1as menores de 10 a\u00f1os. Se manifiesta en crisis cortas, de dos a tres horas, y con s\u00edntomas como n\u00e1useas, v\u00f3mitos e hipersensibilidad a est\u00edmulos externos. La Fundaci\u00f3n Espa\u00f1ola para las Cefaleas (FECEF) ha elaborado un documento [&hellip;]<\/p>\n","protected":false},"author":33,"featured_media":301003,"comment_status":"closed","ping_status":"closed","sticky":false,"template":"","format":"standard","meta":{"footnotes":""},"categories":[19],"tags":[6475,747],"class_list":{"0":"post-301002","1":"post","2":"type-post","3":"status-publish","4":"format-standard","5":"has-post-thumbnail","7":"category-salud","8":"tag-migrana","9":"tag-ninos"},"_links":{"self":[{"href":"https:\/\/elluchador.info\/index.php?rest_route=\/wp\/v2\/posts\/301002","targetHints":{"allow":["GET"]}}],"collection":[{"href":"https:\/\/elluchador.info\/index.php?rest_route=\/wp\/v2\/posts"}],"about":[{"href":"https:\/\/elluchador.info\/index.php?rest_route=\/wp\/v2\/types\/post"}],"author":[{"embeddable":true,"href":"https:\/\/elluchador.info\/index.php?rest_route=\/wp\/v2\/users\/33"}],"replies":[{"embeddable":true,"href":"https:\/\/elluchador.info\/index.php?rest_route=%2Fwp%2Fv2%2Fcomments&post=301002"}],"version-history":[{"count":1,"href":"https:\/\/elluchador.info\/index.php?rest_route=\/wp\/v2\/posts\/301002\/revisions"}],"predecessor-version":[{"id":301004,"href":"https:\/\/elluchador.info\/index.php?rest_route=\/wp\/v2\/posts\/301002\/revisions\/301004"}],"wp:featuredmedia":[{"embeddable":true,"href":"https:\/\/elluchador.info\/index.php?rest_route=\/wp\/v2\/media\/301003"}],"wp:attachment":[{"href":"https:\/\/elluchador.info\/index.php?rest_route=%2Fwp%2Fv2%2Fmedia&parent=301002"}],"wp:term":[{"taxonomy":"category","embeddable":true,"href":"https:\/\/elluchador.info\/index.php?rest_route=%2Fwp%2Fv2%2Fcategories&post=301002"},{"taxonomy":"post_tag","embeddable":true,"href":"https:\/\/elluchador.info\/index.php?rest_route=%2Fwp%2Fv2%2Ftags&post=301002"}],"curies":[{"name":"wp","href":"https:\/\/api.w.org\/{rel}","templated":true}]}}