{"id":301005,"date":"2026-01-28T19:42:23","date_gmt":"2026-01-28T23:42:23","guid":{"rendered":"https:\/\/elluchador.info\/?p=301005"},"modified":"2026-01-28T19:44:51","modified_gmt":"2026-01-28T23:44:51","slug":"encuentran-avion-desaparecido-en-colombia-con-sus-15-pasajeros-fallecidos","status":"publish","type":"post","link":"https:\/\/elluchador.info\/?p=301005","title":{"rendered":"Encuentran avi\u00f3n desaparecido en Colombia con sus 15 pasajeros fallecidos"},"content":{"rendered":"\n<p>El avi\u00f3n de la compa\u00f1\u00eda colombiana Satena que desapareci\u00f3 este mi\u00e9rcoles en el departamento de Norte de Santander (fronterizo con Venezuela) fue hallado accidentado con sus 15 pasajeros desaparecidos, confirmaron las autoridades.<\/p>\n\n\n<div class=\"wp-block-image\">\n<figure class=\"aligncenter size-large\"><img loading=\"lazy\" decoding=\"async\" width=\"819\" height=\"1024\" src=\"https:\/\/elluchador.info\/wp-content\/uploads\/2026\/01\/IMG_4871-819x1024.jpeg\" alt=\"\" class=\"wp-image-301006\" srcset=\"https:\/\/elluchador.info\/wp-content\/uploads\/2026\/01\/IMG_4871-819x1024.jpeg 819w, https:\/\/elluchador.info\/wp-content\/uploads\/2026\/01\/IMG_4871-240x300.jpeg 240w, https:\/\/elluchador.info\/wp-content\/uploads\/2026\/01\/IMG_4871-768x960.jpeg 768w, https:\/\/elluchador.info\/wp-content\/uploads\/2026\/01\/IMG_4871-150x188.jpeg 150w, https:\/\/elluchador.info\/wp-content\/uploads\/2026\/01\/IMG_4871-300x375.jpeg 300w, https:\/\/elluchador.info\/wp-content\/uploads\/2026\/01\/IMG_4871-696x870.jpeg 696w, https:\/\/elluchador.info\/wp-content\/uploads\/2026\/01\/IMG_4871.jpeg 1068w\" sizes=\"auto, (max-width: 819px) 100vw, 819px\" \/><\/figure>\n<\/div>\n\n\n<p>El secretario de Seguridad Ciudadana de Norte de Santander, George Quintero, confirm\u00f3 a Noticias Caracol que la aeronave fue hallada por campesinos de la vereda (aldea) de Curasica, en el municipio de Playa de Bel\u00e9n, que les informaron a las autoridades que no encontraron a ninguna persona viva.<\/p>\n\n\n\n<p>Con informaci\u00f3n Agencias.-<\/p>\n","protected":false},"excerpt":{"rendered":"<p>El avi\u00f3n de la compa\u00f1\u00eda colombiana Satena que desapareci\u00f3 este mi\u00e9rcoles en el departamento de Norte de Santander (fronterizo con Venezuela) fue hallado accidentado con sus 15 pasajeros desaparecidos, confirmaron las autoridades. El secretario de Seguridad Ciudadana de Norte de Santander, George Quintero, confirm\u00f3 a Noticias Caracol que la aeronave fue hallada por campesinos de [&hellip;]<\/p>\n","protected":false},"author":33,"featured_media":301007,"comment_status":"closed","ping_status":"closed","sticky":false,"template":"","format":"standard","meta":{"footnotes":""},"categories":[5,8],"tags":[1878,397],"class_list":{"0":"post-301005","1":"post","2":"type-post","3":"status-publish","4":"format-standard","5":"has-post-thumbnail","7":"category-destacado","8":"category-internacionales","9":"tag-avion-2","10":"tag-colombia"},"_links":{"self":[{"href":"https:\/\/elluchador.info\/index.php?rest_route=\/wp\/v2\/posts\/301005","targetHints":{"allow":["GET"]}}],"collection":[{"href":"https:\/\/elluchador.info\/index.php?rest_route=\/wp\/v2\/posts"}],"about":[{"href":"https:\/\/elluchador.info\/index.php?rest_route=\/wp\/v2\/types\/post"}],"author":[{"embeddable":true,"href":"https:\/\/elluchador.info\/index.php?rest_route=\/wp\/v2\/users\/33"}],"replies":[{"embeddable":true,"href":"https:\/\/elluchador.info\/index.php?rest_route=%2Fwp%2Fv2%2Fcomments&post=301005"}],"version-history":[{"count":1,"href":"https:\/\/elluchador.info\/index.php?rest_route=\/wp\/v2\/posts\/301005\/revisions"}],"predecessor-version":[{"id":301008,"href":"https:\/\/elluchador.info\/index.php?rest_route=\/wp\/v2\/posts\/301005\/revisions\/301008"}],"wp:featuredmedia":[{"embeddable":true,"href":"https:\/\/elluchador.info\/index.php?rest_route=\/wp\/v2\/media\/301007"}],"wp:attachment":[{"href":"https:\/\/elluchador.info\/index.php?rest_route=%2Fwp%2Fv2%2Fmedia&parent=301005"}],"wp:term":[{"taxonomy":"category","embeddable":true,"href":"https:\/\/elluchador.info\/index.php?rest_route=%2Fwp%2Fv2%2Fcategories&post=301005"},{"taxonomy":"post_tag","embeddable":true,"href":"https:\/\/elluchador.info\/index.php?rest_route=%2Fwp%2Fv2%2Ftags&post=301005"}],"curies":[{"name":"wp","href":"https:\/\/api.w.org\/{rel}","templated":true}]}}