{"id":301009,"date":"2026-01-28T19:49:16","date_gmt":"2026-01-28T23:49:16","guid":{"rendered":"https:\/\/elluchador.info\/?p=301009"},"modified":"2026-01-28T19:49:19","modified_gmt":"2026-01-28T23:49:19","slug":"fanb-reconocio-a-delcy-rodriguez-como-comandante-en-jefe","status":"publish","type":"post","link":"https:\/\/elluchador.info\/?p=301009","title":{"rendered":"FANB reconoci\u00f3 a Delcy Rodr\u00edguez como comandante en jefe"},"content":{"rendered":"\n<p>La presidenta encargada de la Rep\u00fablica, Delcy Rodr\u00edguez, fue reconocida este mi\u00e9rcoles 28 de enero como comandante en jefe de la Fuerza Armada Nacional Bolivariana.<\/p>\n\n\n\n<p>En acto realizado en el Patio de Honor de la Universidad Militar Bolivariana, Rodr\u00edguez recibi\u00f3 las insignias del sector castrense, el bast\u00f3n de mando de la FANB .<\/p>\n\n\n\n<p>El ministro para Interior, Justicia y Paz, Diosdado Cabello, ley\u00f3 el manifiesto por parte de los organismos de seguridad ciudadana.<\/p>\n\n\n\n<p>\u00abEn momentos en que el pa\u00eds ha sido atacado como nunca antes en nuestra vida republicana para pretender quebrar la voluntad de todo un pueblo mediante el atroz secuestro del presidente Nicol\u00e1s Maduro Moros y la primera combatiente Cilia Flores de Maduro nos alzamos en una sola voz de determinaci\u00f3n y firmeza.&nbsp;<\/p>\n\n\n\n<p>Ante la oscuridad que pretenden imponer quienes vulneraron nuestra soberan\u00eda nosotros respondemos con la unidad que nos leg\u00f3 el comandante Hugo Ch\u00e1vez aquel 8 de diciembre de 2012\u00bb, expres\u00f3 Cabello.<\/p>\n\n\n\n<p>A su vez, el ministro para la Defensa, Vladimir Padrino, ratific\u00f3 el compromiso de fidelidad a los m\u00e1s pr\u00edstinos ideales del Libertador Sim\u00f3n Bol\u00edvar.<\/p>\n\n\n\n<p><strong>\u00abReafirmamos la voluntad de vencer en esta nueva etapa de lucha consagrando toda nuestra potencialidad institucional al desarrollo y prosperidad de esta naci\u00f3n. Juramos lealtad y subordinaci\u00f3n absoluta a la ciudadana Delcy Rodr\u00edguez como comandante en jefe de la Rep\u00fablica\u00bb, precis\u00f3 Padrino L\u00f3pez.<\/strong><\/p>\n\n\n\n<p>Con informaci\u00f3n <em>Medios Nacionales<\/em><\/p>\n","protected":false},"excerpt":{"rendered":"<p>La presidenta encargada de la Rep\u00fablica, Delcy Rodr\u00edguez, fue reconocida este mi\u00e9rcoles 28 de enero como comandante en jefe de la Fuerza Armada Nacional Bolivariana. En acto realizado en el Patio de Honor de la Universidad Militar Bolivariana, Rodr\u00edguez recibi\u00f3 las insignias del sector castrense, el bast\u00f3n de mando de la FANB . El ministro [&hellip;]<\/p>\n","protected":false},"author":33,"featured_media":301010,"comment_status":"closed","ping_status":"closed","sticky":false,"template":"","format":"standard","meta":{"footnotes":""},"categories":[5,9],"tags":[6477,407],"class_list":{"0":"post-301009","1":"post","2":"type-post","3":"status-publish","4":"format-standard","5":"has-post-thumbnail","7":"category-destacado","8":"category-nacionales","9":"tag-comandante-en-jefe","10":"tag-fanb"},"_links":{"self":[{"href":"https:\/\/elluchador.info\/index.php?rest_route=\/wp\/v2\/posts\/301009","targetHints":{"allow":["GET"]}}],"collection":[{"href":"https:\/\/elluchador.info\/index.php?rest_route=\/wp\/v2\/posts"}],"about":[{"href":"https:\/\/elluchador.info\/index.php?rest_route=\/wp\/v2\/types\/post"}],"author":[{"embeddable":true,"href":"https:\/\/elluchador.info\/index.php?rest_route=\/wp\/v2\/users\/33"}],"replies":[{"embeddable":true,"href":"https:\/\/elluchador.info\/index.php?rest_route=%2Fwp%2Fv2%2Fcomments&post=301009"}],"version-history":[{"count":1,"href":"https:\/\/elluchador.info\/index.php?rest_route=\/wp\/v2\/posts\/301009\/revisions"}],"predecessor-version":[{"id":301011,"href":"https:\/\/elluchador.info\/index.php?rest_route=\/wp\/v2\/posts\/301009\/revisions\/301011"}],"wp:featuredmedia":[{"embeddable":true,"href":"https:\/\/elluchador.info\/index.php?rest_route=\/wp\/v2\/media\/301010"}],"wp:attachment":[{"href":"https:\/\/elluchador.info\/index.php?rest_route=%2Fwp%2Fv2%2Fmedia&parent=301009"}],"wp:term":[{"taxonomy":"category","embeddable":true,"href":"https:\/\/elluchador.info\/index.php?rest_route=%2Fwp%2Fv2%2Fcategories&post=301009"},{"taxonomy":"post_tag","embeddable":true,"href":"https:\/\/elluchador.info\/index.php?rest_route=%2Fwp%2Fv2%2Ftags&post=301009"}],"curies":[{"name":"wp","href":"https:\/\/api.w.org\/{rel}","templated":true}]}}