{"id":301052,"date":"2026-01-29T00:06:00","date_gmt":"2026-01-29T04:06:00","guid":{"rendered":"https:\/\/elluchador.info\/?p=301052"},"modified":"2026-01-29T11:52:53","modified_gmt":"2026-01-29T15:52:53","slug":"costa-rica-define-su-rumbo-en-las-urnas-este-domingo-1-feb","status":"publish","type":"post","link":"https:\/\/elluchador.info\/?p=301052","title":{"rendered":"Costa Rica define su rumbo en las urnas este domingo 1 Feb"},"content":{"rendered":"\n<p>Este pr\u00f3ximo domingo 1 de febrero, Costa Rica vivir\u00e1 una jornada electoral decisiva en la que m\u00e1s de 3,7 millones de ciudadanos est\u00e1n convocados a las urnas. En este proceso se definir\u00e1 qui\u00e9n ocupar\u00e1 la Presidencia de la Rep\u00fablica, las dos vicepresidencias y los 57 esca\u00f1os de la Asamblea Legislativa para el pr\u00f3ximo periodo constitucional.<\/p>\n\n\n\n<p>\u200bLos comicios se desarrollan en un clima de marcada tensi\u00f3n institucional y una creciente preocupaci\u00f3n ciudadana por la inseguridad, impulsada principalmente por la violencia vinculada al narcotr\u00e1fico.<\/p>\n\n\n\n<p>\u200bA pesar de que el actual mandatario, Rodrigo Chaves, cuenta con un s\u00f3lido 58% de popularidad, la Constituci\u00f3n le impide la reelecci\u00f3n inmediata. No obstante, su influencia es palpable en el respaldo a la candidata oficialista, la polit\u00f3loga Laura Fern\u00e1ndez Delgado, del Partido Pueblo Soberano (PPSO).<\/p>\n\n\n\n<p>\u200bEl Tribunal Supremo de Elecciones (TSE) ha confirmado que la log\u00edstica est\u00e1 lista para elegir un total de 60 cargos p\u00fablicos.<br>\u200bHorario de votaci\u00f3n: De 6:00 AM a 6:00 PM (hora local).<br>\u200bUmbral de victoria: Se requiere al menos el 40% de los votos v\u00e1lidos para ganar en primera vuelta.<br>\u200bEventual segunda vuelta: De no alcanzarse el porcentaje m\u00ednimo, el balotaje se realizar\u00e1 el 5 de abril.<br>\u200b<br>Con informaci\u00f3n de <strong>agencias<\/strong><\/p>\n\n\n\n<p><\/p>\n","protected":false},"excerpt":{"rendered":"<p>Este pr\u00f3ximo domingo 1 de febrero, Costa Rica vivir\u00e1 una jornada electoral decisiva en la que m\u00e1s de 3,7 millones de ciudadanos est\u00e1n convocados a las urnas. En este proceso se definir\u00e1 qui\u00e9n ocupar\u00e1 la Presidencia de la Rep\u00fablica, las dos vicepresidencias y los 57 esca\u00f1os de la Asamblea Legislativa para el pr\u00f3ximo periodo constitucional. [&hellip;]<\/p>\n","protected":false},"author":38,"featured_media":301053,"comment_status":"closed","ping_status":"closed","sticky":false,"template":"","format":"standard","meta":{"footnotes":""},"categories":[8],"tags":[448],"class_list":{"0":"post-301052","1":"post","2":"type-post","3":"status-publish","4":"format-standard","5":"has-post-thumbnail","7":"category-internacionales","8":"tag-mundo"},"_links":{"self":[{"href":"https:\/\/elluchador.info\/index.php?rest_route=\/wp\/v2\/posts\/301052","targetHints":{"allow":["GET"]}}],"collection":[{"href":"https:\/\/elluchador.info\/index.php?rest_route=\/wp\/v2\/posts"}],"about":[{"href":"https:\/\/elluchador.info\/index.php?rest_route=\/wp\/v2\/types\/post"}],"author":[{"embeddable":true,"href":"https:\/\/elluchador.info\/index.php?rest_route=\/wp\/v2\/users\/38"}],"replies":[{"embeddable":true,"href":"https:\/\/elluchador.info\/index.php?rest_route=%2Fwp%2Fv2%2Fcomments&post=301052"}],"version-history":[{"count":1,"href":"https:\/\/elluchador.info\/index.php?rest_route=\/wp\/v2\/posts\/301052\/revisions"}],"predecessor-version":[{"id":301054,"href":"https:\/\/elluchador.info\/index.php?rest_route=\/wp\/v2\/posts\/301052\/revisions\/301054"}],"wp:featuredmedia":[{"embeddable":true,"href":"https:\/\/elluchador.info\/index.php?rest_route=\/wp\/v2\/media\/301053"}],"wp:attachment":[{"href":"https:\/\/elluchador.info\/index.php?rest_route=%2Fwp%2Fv2%2Fmedia&parent=301052"}],"wp:term":[{"taxonomy":"category","embeddable":true,"href":"https:\/\/elluchador.info\/index.php?rest_route=%2Fwp%2Fv2%2Fcategories&post=301052"},{"taxonomy":"post_tag","embeddable":true,"href":"https:\/\/elluchador.info\/index.php?rest_route=%2Fwp%2Fv2%2Ftags&post=301052"}],"curies":[{"name":"wp","href":"https:\/\/api.w.org\/{rel}","templated":true}]}}