{"id":301064,"date":"2026-01-29T14:36:00","date_gmt":"2026-01-29T18:36:00","guid":{"rendered":"https:\/\/elluchador.info\/?p=301064"},"modified":"2026-01-29T14:19:11","modified_gmt":"2026-01-29T18:19:11","slug":"celebran-129-anos-del-cine-con-el-lanzamiento-del-plan-nacional-de-cinematografia","status":"publish","type":"post","link":"https:\/\/elluchador.info\/?p=301064","title":{"rendered":"Celebran 129 a\u00f1os del cine con el lanzamiento del Plan Nacional de Cinematograf\u00eda"},"content":{"rendered":"\n<p>En el marco de la conmemoraci\u00f3n de los 129 a\u00f1os del Cine Venezolano, el Centro de Estudios Latinoamericanos y del Caribe R\u00f3mulo Gallegos (Celarg) se convirti\u00f3 en el epicentro de un anuncio hist\u00f3rico para el s\u00e9ptimo arte nacional.<\/p>\n\n\n\n<p>El ministro del Poder Popular para la Cultura, Ernesto Villegas, present\u00f3 oficialmente el Plan Nacional de Cinematograf\u00eda 2026-2031, una hoja de ruta estrat\u00e9gica para los pr\u00f3ximos seis a\u00f1os.<\/p>\n\n\n\n<p><strong>\u200bIdentidad y desarrollo como norte<\/strong><br>\u200bDurante el encuentro, el ministro Villegas subray\u00f3 que este plan no solo busca el crecimiento t\u00e9cnico, sino la consolidaci\u00f3n de \u00abuna robusta cinematograf\u00eda venezolana que est\u00e9 al servicio de nuestra identidad, de la paz, del desarrollo nacional y de lo afirmativo venezolano\u00bb.<\/p>\n\n\n\n<p>\u200bEl titular de cultura enfatiz\u00f3 que el cine es un pilar fundamental de la autodeterminaci\u00f3n del pa\u00eds, sentenciando que \u00abel s\u00e9ptimo arte es una herramienta para exaltar la independencia; sin cinematograf\u00eda no hay soberan\u00eda\u00bb.<\/p>\n\n\n\n<p><strong>\u200bFomento a las nuevas generaciones: L\u00ednea \u00abMyerston-Baiz\u00bb<\/strong><br>\u200bUno de los hitos del anuncio fue la creaci\u00f3n de una nueva l\u00ednea de producci\u00f3n cinematogr\u00e1fica dedicada exclusivamente al p\u00fablico infantil y juvenil. Esta iniciativa llevar\u00e1 por nombre \u00abDonald Myerston y Viveca Baiz\u00bb, en honor a dos figuras imprescindibles del cine y la animaci\u00f3n en Venezuela. Con este programa, se busca cultivar desde temprana edad el amor por la narrativa visual propia y los valores nacionales.<\/p>\n\n\n\n<p><strong>\u200bUn llamado a la unidad creativa<\/strong><br>\u200bEn un gesto de apertura, Villegas extendi\u00f3 una invitaci\u00f3n a todos los gremios, creadores y t\u00e9cnicos del sector:<br>\u200b\u00bbConvoco a la comunidad cinematogr\u00e1fica, en su m\u00e1s amplia diversidad, a aportar en el camino de la construcci\u00f3n de una ruta de paz y convivencia democr\u00e1tica para este pa\u00eds\u00bb.<\/p>\n\n\n\n<p>\u200bCon el lanzamiento de este plan, Venezuela reafirma su compromiso con el cine como un espacio de encuentro, reflexi\u00f3n y proyecci\u00f3n de la cultura venezolana ante el mundo.<\/p>\n\n\n\n<p>Con informaci\u00f3n de <strong>agencias<\/strong><\/p>\n\n\n\n<p><\/p>\n","protected":false},"excerpt":{"rendered":"<p>En el marco de la conmemoraci\u00f3n de los 129 a\u00f1os del Cine Venezolano, el Centro de Estudios Latinoamericanos y del Caribe R\u00f3mulo Gallegos (Celarg) se convirti\u00f3 en el epicentro de un anuncio hist\u00f3rico para el s\u00e9ptimo arte nacional. El ministro del Poder Popular para la Cultura, Ernesto Villegas, present\u00f3 oficialmente el Plan Nacional de Cinematograf\u00eda [&hellip;]<\/p>\n","protected":false},"author":38,"featured_media":301065,"comment_status":"closed","ping_status":"closed","sticky":false,"template":"","format":"standard","meta":{"footnotes":""},"categories":[9],"tags":[105],"class_list":{"0":"post-301064","1":"post","2":"type-post","3":"status-publish","4":"format-standard","5":"has-post-thumbnail","7":"category-nacionales","8":"tag-venezuela"},"_links":{"self":[{"href":"https:\/\/elluchador.info\/index.php?rest_route=\/wp\/v2\/posts\/301064","targetHints":{"allow":["GET"]}}],"collection":[{"href":"https:\/\/elluchador.info\/index.php?rest_route=\/wp\/v2\/posts"}],"about":[{"href":"https:\/\/elluchador.info\/index.php?rest_route=\/wp\/v2\/types\/post"}],"author":[{"embeddable":true,"href":"https:\/\/elluchador.info\/index.php?rest_route=\/wp\/v2\/users\/38"}],"replies":[{"embeddable":true,"href":"https:\/\/elluchador.info\/index.php?rest_route=%2Fwp%2Fv2%2Fcomments&post=301064"}],"version-history":[{"count":1,"href":"https:\/\/elluchador.info\/index.php?rest_route=\/wp\/v2\/posts\/301064\/revisions"}],"predecessor-version":[{"id":301066,"href":"https:\/\/elluchador.info\/index.php?rest_route=\/wp\/v2\/posts\/301064\/revisions\/301066"}],"wp:featuredmedia":[{"embeddable":true,"href":"https:\/\/elluchador.info\/index.php?rest_route=\/wp\/v2\/media\/301065"}],"wp:attachment":[{"href":"https:\/\/elluchador.info\/index.php?rest_route=%2Fwp%2Fv2%2Fmedia&parent=301064"}],"wp:term":[{"taxonomy":"category","embeddable":true,"href":"https:\/\/elluchador.info\/index.php?rest_route=%2Fwp%2Fv2%2Fcategories&post=301064"},{"taxonomy":"post_tag","embeddable":true,"href":"https:\/\/elluchador.info\/index.php?rest_route=%2Fwp%2Fv2%2Ftags&post=301064"}],"curies":[{"name":"wp","href":"https:\/\/api.w.org\/{rel}","templated":true}]}}