{"id":301220,"date":"2026-01-31T16:08:00","date_gmt":"2026-01-31T20:08:00","guid":{"rendered":"https:\/\/elluchador.info\/?p=301220"},"modified":"2026-01-31T15:48:29","modified_gmt":"2026-01-31T19:48:29","slug":"portugal-declara-el-estado-de-calamidad-tras-el-paso-de-la-devastadora-tormenta-kristin","status":"publish","type":"post","link":"https:\/\/elluchador.info\/?p=301220","title":{"rendered":"Portugal declara el estado de calamidad tras el paso de la devastadora tormenta Kristin"},"content":{"rendered":"\n<p>El Gobierno de Portugal ha calificado como \u00abde extrema gravedad\u00bb los da\u00f1os provocados por la tormenta Kristin, un fen\u00f3meno meteorol\u00f3gico excepcional que azot\u00f3 el centro del pa\u00eds los d\u00edas 28 y 29 de enero. Ante la magnitud de la cat\u00e1strofe, el Ejecutivo luso ya eval\u00faa solicitar el apoyo del Fondo de Solidaridad de la Uni\u00f3n Europea para financiar la reconstrucci\u00f3n de las infraestructuras y zonas afectadas.<\/p>\n\n\n\n<p><strong>\u200bUn balance tr\u00e1gico y da\u00f1os materiales masivos<\/strong><br>\u200bHasta el momento, se ha confirmado el fallecimiento de al menos cinco personas, v\u00edctimas de ca\u00eddas de \u00e1rboles, colapso de infraestructuras e inundaciones repentinas. La tormenta, que el Instituto Portugu\u00e9s del Mar y la Atm\u00f3sfera (IPMA) ha comparado por su rareza y fuerza con los grandes temporales de 2009 y 2018, registr\u00f3 vientos huracanados de entre 150 y 200 km\/h, acompa\u00f1ados de lluvias torrenciales y un fuerte oleaje.<\/p>\n\n\n\n<p>\u200b<strong>El impacto en la infraestructura nacional ha sido profundo:<\/strong><br>\u200bSuministro el\u00e9ctrico: Inicialmente, 850 000 hogares quedaron sin luz.<br>\u200bServicios cr\u00edticos: En el distrito de Leiria, los hospitales han tenido que operar con generadores de emergencia.<br>\u200bIncidentes: Se han reportado m\u00e1s de 3000 incidentes en todo el pa\u00eds, incluyendo deslizamientos de tierra y bloqueos en las redes de transporte ferroviario y por carretera.<\/p>\n\n\n\n<p>\u200b<strong>Zonas en emergencia y respuesta gubernamental<\/strong><br>\u200bEl Gobierno ha declarado el estado de calamidad desde las 00:00 horas del 28 de enero hasta la medianoche del 1 de febrero. Los distritos de Leiria, Co\u00edmbra, Santar\u00e9m y Lisboa son los m\u00e1s golpeados, con al menos 60 municipios que presentan da\u00f1os severos.<\/p>\n\n\n\n<p>\u200bEl primer ministro, Lu\u00eds Montenegro, visit\u00f3 las zonas afectadas en Leiria el pasado jueves y confirm\u00f3 que ya se mantienen conversaciones con la Comisi\u00f3n Europea. \u00abEstamos determinando la mejor forma de financiaci\u00f3n para apoyar de manera inmediata a las familias y empresas que lo han perdido todo\u00bb, se\u00f1al\u00f3 el mandatario.<\/p>\n\n\n\n<p>\u200b<strong>Solidaridad internacional y mensaje del Vaticano<\/strong><br>\u200bEl impacto de la tragedia ha resonado fuera de las fronteras lusas. El papa Le\u00f3n XIV, a trav\u00e9s de un mensaje firmado por la Secretar\u00eda de Estado, expres\u00f3 su profundo p\u00e9same y cercan\u00eda con las v\u00edctimas y desplazados. El pont\u00edfice destac\u00f3 la labor de las autoridades, organizaciones eclesiales y la \u00absolidaridad espont\u00e1nea de cada ciudadano\u00bb en las labores de socorro, elevando oraciones por la pronta recuperaci\u00f3n del pa\u00eds.<\/p>\n\n\n\n<p>\u200bCon informaci\u00f3n de <strong>agencias<\/strong><\/p>\n\n\n\n<p><\/p>\n","protected":false},"excerpt":{"rendered":"<p>El Gobierno de Portugal ha calificado como \u00abde extrema gravedad\u00bb los da\u00f1os provocados por la tormenta Kristin, un fen\u00f3meno meteorol\u00f3gico excepcional que azot\u00f3 el centro del pa\u00eds los d\u00edas 28 y 29 de enero. Ante la magnitud de la cat\u00e1strofe, el Ejecutivo luso ya eval\u00faa solicitar el apoyo del Fondo de Solidaridad de la Uni\u00f3n [&hellip;]<\/p>\n","protected":false},"author":38,"featured_media":301221,"comment_status":"closed","ping_status":"closed","sticky":false,"template":"","format":"standard","meta":{"footnotes":""},"categories":[8],"tags":[448],"class_list":{"0":"post-301220","1":"post","2":"type-post","3":"status-publish","4":"format-standard","5":"has-post-thumbnail","7":"category-internacionales","8":"tag-mundo"},"_links":{"self":[{"href":"https:\/\/elluchador.info\/index.php?rest_route=\/wp\/v2\/posts\/301220","targetHints":{"allow":["GET"]}}],"collection":[{"href":"https:\/\/elluchador.info\/index.php?rest_route=\/wp\/v2\/posts"}],"about":[{"href":"https:\/\/elluchador.info\/index.php?rest_route=\/wp\/v2\/types\/post"}],"author":[{"embeddable":true,"href":"https:\/\/elluchador.info\/index.php?rest_route=\/wp\/v2\/users\/38"}],"replies":[{"embeddable":true,"href":"https:\/\/elluchador.info\/index.php?rest_route=%2Fwp%2Fv2%2Fcomments&post=301220"}],"version-history":[{"count":2,"href":"https:\/\/elluchador.info\/index.php?rest_route=\/wp\/v2\/posts\/301220\/revisions"}],"predecessor-version":[{"id":301223,"href":"https:\/\/elluchador.info\/index.php?rest_route=\/wp\/v2\/posts\/301220\/revisions\/301223"}],"wp:featuredmedia":[{"embeddable":true,"href":"https:\/\/elluchador.info\/index.php?rest_route=\/wp\/v2\/media\/301221"}],"wp:attachment":[{"href":"https:\/\/elluchador.info\/index.php?rest_route=%2Fwp%2Fv2%2Fmedia&parent=301220"}],"wp:term":[{"taxonomy":"category","embeddable":true,"href":"https:\/\/elluchador.info\/index.php?rest_route=%2Fwp%2Fv2%2Fcategories&post=301220"},{"taxonomy":"post_tag","embeddable":true,"href":"https:\/\/elluchador.info\/index.php?rest_route=%2Fwp%2Fv2%2Ftags&post=301220"}],"curies":[{"name":"wp","href":"https:\/\/api.w.org\/{rel}","templated":true}]}}