{"id":304216,"date":"2026-03-06T13:38:59","date_gmt":"2026-03-06T17:38:59","guid":{"rendered":"https:\/\/elluchador.info\/?p=304216"},"modified":"2026-03-06T13:39:12","modified_gmt":"2026-03-06T17:39:12","slug":"idenna-exhorto-como-requisito-la-tarjeta-de-vacunacion-contra-la-fiebre-amarilla-para-viajes-de-menores","status":"publish","type":"post","link":"https:\/\/elluchador.info\/?p=304216","title":{"rendered":"Idenna exhort\u00f3 como requisito la tarjeta de vacunaci\u00f3n contra la fiebre amarilla para viajes de menores"},"content":{"rendered":"\n<p>El Instituto Aut\u00f3nomo Consejo Nacional de Derechos de Ni\u00f1os, Ni\u00f1as y Adolescentes (Idenna) se suma a la campa\u00f1a \u201cJuntos contra la fiebre amarilla\u201d y exhort\u00f3, a trav\u00e9s de un comunicado, a los Consejos de Protecci\u00f3n de Ni\u00f1os, Ni\u00f1as y Adolescentes a que incluyan como requisito obligatorio para las autorizaciones de viaje hacia los estados bajo vigilancia la presentaci\u00f3n de la tarjeta de vacunaci\u00f3n contra la fiebre amarilla del ni\u00f1o, ni\u00f1a o adolescente, as\u00ed como la de su acompa\u00f1ante.<\/p>\n\n\n\n<p>La instituci\u00f3n, dirigida por Soraida Ram\u00edrez Osorio, explic\u00f3 que la medida se adopta ante la proximidad del asueto de Semana Santa y en preparaci\u00f3n para la temporada vacacional.<\/p>\n\n\n<div class=\"wp-block-image\">\n<figure class=\"aligncenter size-large is-resized\"><img loading=\"lazy\" decoding=\"async\" width=\"819\" height=\"1024\" src=\"https:\/\/elluchador.info\/wp-content\/uploads\/2026\/03\/post-idenna_ve-mar-05-2026-819x1024.jpeg\" alt=\"\" class=\"wp-image-304217\" style=\"width:647px;height:auto\" srcset=\"https:\/\/elluchador.info\/wp-content\/uploads\/2026\/03\/post-idenna_ve-mar-05-2026-819x1024.jpeg 819w, https:\/\/elluchador.info\/wp-content\/uploads\/2026\/03\/post-idenna_ve-mar-05-2026-240x300.jpeg 240w, https:\/\/elluchador.info\/wp-content\/uploads\/2026\/03\/post-idenna_ve-mar-05-2026-768x961.jpeg 768w, https:\/\/elluchador.info\/wp-content\/uploads\/2026\/03\/post-idenna_ve-mar-05-2026-1228x1536.jpeg 1228w, https:\/\/elluchador.info\/wp-content\/uploads\/2026\/03\/post-idenna_ve-mar-05-2026-150x188.jpeg 150w, https:\/\/elluchador.info\/wp-content\/uploads\/2026\/03\/post-idenna_ve-mar-05-2026-300x375.jpeg 300w, https:\/\/elluchador.info\/wp-content\/uploads\/2026\/03\/post-idenna_ve-mar-05-2026-696x870.jpeg 696w, https:\/\/elluchador.info\/wp-content\/uploads\/2026\/03\/post-idenna_ve-mar-05-2026-1068x1336.jpeg 1068w, https:\/\/elluchador.info\/wp-content\/uploads\/2026\/03\/post-idenna_ve-mar-05-2026.jpeg 1440w\" sizes=\"auto, (max-width: 819px) 100vw, 819px\" \/><\/figure>\n<\/div>\n\n\n<p>La instrucci\u00f3n busca ayudar a frenar la cadena de transmisi\u00f3n y proteger la salud de la poblaci\u00f3n infantil y juvenil, y en apoyo al Ministerio del Poder Popular para la Salud (MPPS), ante la situaci\u00f3n epidemiol\u00f3gica presentada en los estados Aragua, Barinas, Lara y Portuguesa.<\/p>\n\n\n\n<p>Con informaci\u00f3n <strong><em>Medios Nacionales<\/em><\/strong><\/p>\n","protected":false},"excerpt":{"rendered":"<p>El Instituto Aut\u00f3nomo Consejo Nacional de Derechos de Ni\u00f1os, Ni\u00f1as y Adolescentes (Idenna) se suma a la campa\u00f1a \u201cJuntos contra la fiebre amarilla\u201d y exhort\u00f3, a trav\u00e9s de un comunicado, a los Consejos de Protecci\u00f3n de Ni\u00f1os, Ni\u00f1as y Adolescentes a que incluyan como requisito obligatorio para las autorizaciones de viaje hacia los estados bajo [&hellip;]<\/p>\n","protected":false},"author":33,"featured_media":304218,"comment_status":"closed","ping_status":"closed","sticky":false,"template":"","format":"standard","meta":{"footnotes":""},"categories":[5,9],"tags":[199,105],"class_list":{"0":"post-304216","1":"post","2":"type-post","3":"status-publish","4":"format-standard","5":"has-post-thumbnail","7":"category-destacado","8":"category-nacionales","9":"tag-vacunacion","10":"tag-venezuela"},"_links":{"self":[{"href":"https:\/\/elluchador.info\/index.php?rest_route=\/wp\/v2\/posts\/304216","targetHints":{"allow":["GET"]}}],"collection":[{"href":"https:\/\/elluchador.info\/index.php?rest_route=\/wp\/v2\/posts"}],"about":[{"href":"https:\/\/elluchador.info\/index.php?rest_route=\/wp\/v2\/types\/post"}],"author":[{"embeddable":true,"href":"https:\/\/elluchador.info\/index.php?rest_route=\/wp\/v2\/users\/33"}],"replies":[{"embeddable":true,"href":"https:\/\/elluchador.info\/index.php?rest_route=%2Fwp%2Fv2%2Fcomments&post=304216"}],"version-history":[{"count":1,"href":"https:\/\/elluchador.info\/index.php?rest_route=\/wp\/v2\/posts\/304216\/revisions"}],"predecessor-version":[{"id":304219,"href":"https:\/\/elluchador.info\/index.php?rest_route=\/wp\/v2\/posts\/304216\/revisions\/304219"}],"wp:featuredmedia":[{"embeddable":true,"href":"https:\/\/elluchador.info\/index.php?rest_route=\/wp\/v2\/media\/304218"}],"wp:attachment":[{"href":"https:\/\/elluchador.info\/index.php?rest_route=%2Fwp%2Fv2%2Fmedia&parent=304216"}],"wp:term":[{"taxonomy":"category","embeddable":true,"href":"https:\/\/elluchador.info\/index.php?rest_route=%2Fwp%2Fv2%2Fcategories&post=304216"},{"taxonomy":"post_tag","embeddable":true,"href":"https:\/\/elluchador.info\/index.php?rest_route=%2Fwp%2Fv2%2Ftags&post=304216"}],"curies":[{"name":"wp","href":"https:\/\/api.w.org\/{rel}","templated":true}]}}