{"id":304362,"date":"2026-03-08T09:13:00","date_gmt":"2026-03-08T13:13:00","guid":{"rendered":"https:\/\/elluchador.info\/?p=304362"},"modified":"2026-03-08T09:02:42","modified_gmt":"2026-03-08T13:02:42","slug":"colombia-elige-integrantes-del-congreso-este-domingo","status":"publish","type":"post","link":"https:\/\/elluchador.info\/?p=304362","title":{"rendered":"Colombia elige integrantes del Congreso este domingo"},"content":{"rendered":"\n<p>Este domingo, m\u00e1s de 41 millones de colombianos est\u00e1n convocados a las urnas para elegir a los nuevos integrantes del Senado de la Rep\u00fablica y la C\u00e1mara de Representantes. Estos comicios no solo definir\u00e1n la composici\u00f3n legislativa para el periodo 2026-2030, sino que actuar\u00e1n como el term\u00f3metro definitivo de cara a las elecciones presidenciales.<\/p>\n\n\n\n<p>\u200bLa jornada electoral decidir\u00e1 la distribuci\u00f3n de 284 esca\u00f1os fundamentales para la gobernabilidad del pr\u00f3ximo cuatrienio:<br>\u200bSenado: 102 esca\u00f1os.<br>\u200bC\u00e1mara de Representantes: 182 esca\u00f1os.<\/p>\n\n\n\n<p>\u200bDe forma paralela, los ciudadanos podr\u00e1n participar en las consultas interpartidistas, las cuales definir\u00e1n los candidatos oficiales de diversas coaliciones que competir\u00e1n en la primera vuelta presidencial el pr\u00f3ximo 31 de mayo.<\/p>\n\n\n\n<p>\u200bA pesar de la importancia democr\u00e1tica de la fecha, la previa electoral ha estado marcada por un fuerte cruce de declaraciones entre el Ejecutivo y la Registradur\u00eda Nacional. El presidente Gustavo Petro ha manifestado p\u00fablicamente su preocupaci\u00f3n por un posible \u00abriesgo de fraude\u00bb.<\/p>\n\n\n\n<p>\u200bEl mandatario cuestion\u00f3 la continuidad de un software privado para la contabilizaci\u00f3n de los votos, se\u00f1alando que se ha impedido un acceso independiente para su auditor\u00eda.<\/p>\n\n\n\n<p>\u200b\u201cLa orden del Consejo de Estado en 2018 se ha desobedecido; orden\u00f3 que el software de escrutinios fuese propiedad del Estado y hoy el software es privado\u201d, denunci\u00f3 Petro a trav\u00e9s de sus redes sociales.<\/p>\n\n\n\n<p>\u200bPor su parte, el registrador nacional, Hern\u00e1n Penagos, ha salido al paso de estas cr\u00edticas asegurando que el sistema cuenta con controles suficientes y una amplia participaci\u00f3n ciudadana que garantizan la transparencia de los resultados.<\/p>\n\n\n\n<p>\u200bLa configuraci\u00f3n del Congreso que resulte de este domingo ser\u00e1 determinante para el sucesor de Gustavo Petro. Una mayor\u00eda parlamentaria a favor o en contra definir\u00e1 la capacidad de maniobra del pr\u00f3ximo presidente, cuya elecci\u00f3n final podr\u00eda postergarse hasta el 21 de junio en caso de una segunda vuelta.<br>\u200b<br>Con informaci\u00f3n de <strong>agencias<\/strong><\/p>\n","protected":false},"excerpt":{"rendered":"<p>Este domingo, m\u00e1s de 41 millones de colombianos est\u00e1n convocados a las urnas para elegir a los nuevos integrantes del Senado de la Rep\u00fablica y la C\u00e1mara de Representantes. Estos comicios no solo definir\u00e1n la composici\u00f3n legislativa para el periodo 2026-2030, sino que actuar\u00e1n como el term\u00f3metro definitivo de cara a las elecciones presidenciales. \u200bLa [&hellip;]<\/p>\n","protected":false},"author":38,"featured_media":304364,"comment_status":"closed","ping_status":"closed","sticky":false,"template":"","format":"standard","meta":{"footnotes":""},"categories":[8],"tags":[448],"class_list":{"0":"post-304362","1":"post","2":"type-post","3":"status-publish","4":"format-standard","5":"has-post-thumbnail","7":"category-internacionales","8":"tag-mundo"},"_links":{"self":[{"href":"https:\/\/elluchador.info\/index.php?rest_route=\/wp\/v2\/posts\/304362","targetHints":{"allow":["GET"]}}],"collection":[{"href":"https:\/\/elluchador.info\/index.php?rest_route=\/wp\/v2\/posts"}],"about":[{"href":"https:\/\/elluchador.info\/index.php?rest_route=\/wp\/v2\/types\/post"}],"author":[{"embeddable":true,"href":"https:\/\/elluchador.info\/index.php?rest_route=\/wp\/v2\/users\/38"}],"replies":[{"embeddable":true,"href":"https:\/\/elluchador.info\/index.php?rest_route=%2Fwp%2Fv2%2Fcomments&post=304362"}],"version-history":[{"count":1,"href":"https:\/\/elluchador.info\/index.php?rest_route=\/wp\/v2\/posts\/304362\/revisions"}],"predecessor-version":[{"id":304365,"href":"https:\/\/elluchador.info\/index.php?rest_route=\/wp\/v2\/posts\/304362\/revisions\/304365"}],"wp:featuredmedia":[{"embeddable":true,"href":"https:\/\/elluchador.info\/index.php?rest_route=\/wp\/v2\/media\/304364"}],"wp:attachment":[{"href":"https:\/\/elluchador.info\/index.php?rest_route=%2Fwp%2Fv2%2Fmedia&parent=304362"}],"wp:term":[{"taxonomy":"category","embeddable":true,"href":"https:\/\/elluchador.info\/index.php?rest_route=%2Fwp%2Fv2%2Fcategories&post=304362"},{"taxonomy":"post_tag","embeddable":true,"href":"https:\/\/elluchador.info\/index.php?rest_route=%2Fwp%2Fv2%2Ftags&post=304362"}],"curies":[{"name":"wp","href":"https:\/\/api.w.org\/{rel}","templated":true}]}}