{"id":304439,"date":"2026-03-09T08:00:00","date_gmt":"2026-03-09T12:00:00","guid":{"rendered":"https:\/\/elluchador.info\/?p=304439"},"modified":"2026-03-09T07:29:28","modified_gmt":"2026-03-09T11:29:28","slug":"colombia-eligio-nuevo-congreso-en-una-jornada-clave-que-marca-el-pulso-de-las-presidenciales","status":"publish","type":"post","link":"https:\/\/elluchador.info\/?p=304439","title":{"rendered":"Colombia eligi\u00f3 nuevo Congreso en una jornada clave que marca el pulso de las presidenciales"},"content":{"rendered":"\n<p>En una jornada electoral decisiva, los colombianos acudieron a las urnas este domingo para elegir a los 285 legisladores que conformar\u00e1n el nuevo Congreso. Los comicios no solo redefinir\u00e1n el mapa del poder legislativo, sino que act\u00faan como un term\u00f3metro pol\u00edtico a pocas semanas de las elecciones presidenciales del 31 de mayo, donde la izquierda busca dar continuidad a su proyecto de gobierno frente a una derecha que intenta recuperar el terreno perdido.<\/p>\n\n\n\n<p>\u200bTras el cierre de las mesas a las 16:00 locales (21:00 GMT), las autoridades electorales iniciaron el escrutinio en un ambiente de relativa normalidad, a pesar de los antecedentes de violencia que han marcado el \u00faltimo a\u00f1o, incluyendo el tr\u00e1gico asesinato del aspirante presidencial de derecha, Miguel Uribe, y de al menos 20 dirigentes pol\u00edticos, seg\u00fan reportes de la ONU.<\/p>\n\n\n\n<p><strong>\u200bUn Legislativo en disputa y un Ejecutivo bajo examen<\/strong><br>\u200bEl actual oficialismo aspira a consolidar una mayor\u00eda que le ha sido esquiva en el pasado, lo que impidi\u00f3 la aprobaci\u00f3n de reformas estructurales en salud y materia tributaria. Por su parte, la oposici\u00f3n derechista \u2014quien fuera hist\u00f3ricamente la mayor fuerza del pa\u00eds\u2014 se presenta como el contrapeso necesario frente a las propuestas de reforma constitucional de la izquierda, las cuales algunos analistas califican como un riesgo de concentraci\u00f3n de poder.<\/p>\n\n\n\n<p>\u200bLa jornada estuvo marcada por las voces de ciudadanos que exigen seguridad y gobernabilidad. \u00abSi el futuro mandatario no tiene un apoyo en el Congreso va a ser muy complicado\u00bb, se\u00f1al\u00f3 Daniel Alfonso, de 31 a\u00f1os, reflejando el sentir de un electorado que demanda un \u00abtrabajo en equipo\u00bb entre los poderes del Estado para avanzar en temas como la educaci\u00f3n y la econom\u00eda.<\/p>\n\n\n\n<p><strong>\u200bFiguras clave y el regreso de Uribe<\/strong><br>\u200bLa contienda legislativa cuenta con protagonistas de alto impacto:<br>\u200b\u00c1lvaro Uribe V\u00e9lez: El expresidente regresa a la arena electoral como candidato al Senado tras la anulaci\u00f3n de su condena en octubre pasado, buscando movilizar el voto de quienes rechazan la pol\u00edtica de \u201cpaz total\u201d del actual gobierno.<br>\u200bInfluenciadores y Outsiders: Ante el descr\u00e9dito de la clase pol\u00edtica tradicional por esc\u00e1ndalos de corrupci\u00f3n, los partidos han recurrido a personalidades de redes sociales para conectar con los votantes j\u00f3venes.<br>\u200bContexto Presidencial: Los resultados de hoy ser\u00e1n determinantes para las aspiraciones del senador Iv\u00e1n Cepeda (izquierda) y el abogado Abelardo de la Espriella (derecha), quienes lideran las encuestas presidenciales.<\/p>\n\n\n\n<p>\u200bPese a la tranquilidad general, el Gobierno report\u00f3 el ingreso de 2.400 personas por pasos ilegales desde Venezuela, a pesar del cierre de fronteras vigente. Asimismo, el presidente Petro denunci\u00f3 posibles irregularidades en los puestos de votaci\u00f3n, manteniendo su postura cr\u00edtica frente al sistema de escrutinio.<\/p>\n\n\n\n<p>\u200bEl nuevo Congreso tomar\u00e1 posesi\u00f3n el pr\u00f3ximo 20 de julio, apenas tres semanas antes de que el sucesor de Gustavo Petro asuma la jefatura del Estado, marcando el inicio de un nuevo ciclo pol\u00edtico en una Colombia que busca superar d\u00e9cadas de conflicto armado.<\/p>\n\n\n\n<p>Con informaci\u00f3n de <strong>agencias<\/strong><\/p>\n\n\n\n<p><\/p>\n","protected":false},"excerpt":{"rendered":"<p>En una jornada electoral decisiva, los colombianos acudieron a las urnas este domingo para elegir a los 285 legisladores que conformar\u00e1n el nuevo Congreso. Los comicios no solo redefinir\u00e1n el mapa del poder legislativo, sino que act\u00faan como un term\u00f3metro pol\u00edtico a pocas semanas de las elecciones presidenciales del 31 de mayo, donde la izquierda [&hellip;]<\/p>\n","protected":false},"author":38,"featured_media":304440,"comment_status":"closed","ping_status":"closed","sticky":false,"template":"","format":"standard","meta":{"footnotes":""},"categories":[8],"tags":[448],"class_list":{"0":"post-304439","1":"post","2":"type-post","3":"status-publish","4":"format-standard","5":"has-post-thumbnail","7":"category-internacionales","8":"tag-mundo"},"_links":{"self":[{"href":"https:\/\/elluchador.info\/index.php?rest_route=\/wp\/v2\/posts\/304439","targetHints":{"allow":["GET"]}}],"collection":[{"href":"https:\/\/elluchador.info\/index.php?rest_route=\/wp\/v2\/posts"}],"about":[{"href":"https:\/\/elluchador.info\/index.php?rest_route=\/wp\/v2\/types\/post"}],"author":[{"embeddable":true,"href":"https:\/\/elluchador.info\/index.php?rest_route=\/wp\/v2\/users\/38"}],"replies":[{"embeddable":true,"href":"https:\/\/elluchador.info\/index.php?rest_route=%2Fwp%2Fv2%2Fcomments&post=304439"}],"version-history":[{"count":1,"href":"https:\/\/elluchador.info\/index.php?rest_route=\/wp\/v2\/posts\/304439\/revisions"}],"predecessor-version":[{"id":304441,"href":"https:\/\/elluchador.info\/index.php?rest_route=\/wp\/v2\/posts\/304439\/revisions\/304441"}],"wp:featuredmedia":[{"embeddable":true,"href":"https:\/\/elluchador.info\/index.php?rest_route=\/wp\/v2\/media\/304440"}],"wp:attachment":[{"href":"https:\/\/elluchador.info\/index.php?rest_route=%2Fwp%2Fv2%2Fmedia&parent=304439"}],"wp:term":[{"taxonomy":"category","embeddable":true,"href":"https:\/\/elluchador.info\/index.php?rest_route=%2Fwp%2Fv2%2Fcategories&post=304439"},{"taxonomy":"post_tag","embeddable":true,"href":"https:\/\/elluchador.info\/index.php?rest_route=%2Fwp%2Fv2%2Ftags&post=304439"}],"curies":[{"name":"wp","href":"https:\/\/api.w.org\/{rel}","templated":true}]}}