{"id":304463,"date":"2026-03-09T10:43:00","date_gmt":"2026-03-09T14:43:00","guid":{"rendered":"https:\/\/elluchador.info\/?p=304463"},"modified":"2026-03-09T10:39:14","modified_gmt":"2026-03-09T14:39:14","slug":"asamblea-nacional-debatira-este-lunes-la-ley-de-minas","status":"publish","type":"post","link":"https:\/\/elluchador.info\/?p=304463","title":{"rendered":"Asamblea Nacional debatir\u00e1 este lunes la Ley de Minas"},"content":{"rendered":"\n<p>Este lunes 9 de marzo, el Parlamento llevar\u00e1 a cabo una sesi\u00f3n ordinaria con el fin de iniciar el debate formal sobre el Proyecto de Ley Org\u00e1nica de Minas, una pieza legislativa clave para el desarrollo econ\u00f3mico del pa\u00eds.<\/p>\n\n\n\n<p>\u200bLa sesi\u00f3n est\u00e1 programada para iniciar a las 5:00 p. m. y contar\u00e1 con un punto \u00fanico en el orden del d\u00eda: la primera discusi\u00f3n del mencionado proyecto. Este procedimiento se realizar\u00e1 en estricto cumplimiento con lo establecido en el art\u00edculo 104 del Reglamento Interior y de Debates de la Asamblea Nacional.<\/p>\n\n\n\n<p><strong>\u200bUn marco legal para el futuro minero<\/strong><br>\u200bEl Proyecto de Ley Org\u00e1nica de Minas surge como una iniciativa estrat\u00e9gica de este periodo legislativo. Se espera que la normativa:<br>\u200bEstablezca las bases jur\u00eddicas para la regulaci\u00f3n de la actividad minera.<br>\u200bOrganice los protocolos de explotaci\u00f3n de recursos minerales bajo est\u00e1ndares modernos.<br>\u200bFomente un aprovechamiento eficiente y responsable de las riquezas del subsuelo nacional.<\/p>\n\n\n\n<p>\u200bLa aprobaci\u00f3n de este marco legal se perfila como una prioridad para la agenda parlamentaria, buscando brindar seguridad jur\u00eddica tanto al Estado como a los actores involucrados en el sector extractivo.<br>\u200b<br>Con informaci\u00f3n de <strong>agencias<\/strong><\/p>\n\n\n\n<p><\/p>\n","protected":false},"excerpt":{"rendered":"<p>Este lunes 9 de marzo, el Parlamento llevar\u00e1 a cabo una sesi\u00f3n ordinaria con el fin de iniciar el debate formal sobre el Proyecto de Ley Org\u00e1nica de Minas, una pieza legislativa clave para el desarrollo econ\u00f3mico del pa\u00eds. \u200bLa sesi\u00f3n est\u00e1 programada para iniciar a las 5:00 p. m. y contar\u00e1 con un punto [&hellip;]<\/p>\n","protected":false},"author":38,"featured_media":304464,"comment_status":"closed","ping_status":"closed","sticky":false,"template":"","format":"standard","meta":{"footnotes":""},"categories":[11],"tags":[105],"class_list":{"0":"post-304463","1":"post","2":"type-post","3":"status-publish","4":"format-standard","5":"has-post-thumbnail","7":"category-politica","8":"tag-venezuela"},"_links":{"self":[{"href":"https:\/\/elluchador.info\/index.php?rest_route=\/wp\/v2\/posts\/304463","targetHints":{"allow":["GET"]}}],"collection":[{"href":"https:\/\/elluchador.info\/index.php?rest_route=\/wp\/v2\/posts"}],"about":[{"href":"https:\/\/elluchador.info\/index.php?rest_route=\/wp\/v2\/types\/post"}],"author":[{"embeddable":true,"href":"https:\/\/elluchador.info\/index.php?rest_route=\/wp\/v2\/users\/38"}],"replies":[{"embeddable":true,"href":"https:\/\/elluchador.info\/index.php?rest_route=%2Fwp%2Fv2%2Fcomments&post=304463"}],"version-history":[{"count":1,"href":"https:\/\/elluchador.info\/index.php?rest_route=\/wp\/v2\/posts\/304463\/revisions"}],"predecessor-version":[{"id":304465,"href":"https:\/\/elluchador.info\/index.php?rest_route=\/wp\/v2\/posts\/304463\/revisions\/304465"}],"wp:featuredmedia":[{"embeddable":true,"href":"https:\/\/elluchador.info\/index.php?rest_route=\/wp\/v2\/media\/304464"}],"wp:attachment":[{"href":"https:\/\/elluchador.info\/index.php?rest_route=%2Fwp%2Fv2%2Fmedia&parent=304463"}],"wp:term":[{"taxonomy":"category","embeddable":true,"href":"https:\/\/elluchador.info\/index.php?rest_route=%2Fwp%2Fv2%2Fcategories&post=304463"},{"taxonomy":"post_tag","embeddable":true,"href":"https:\/\/elluchador.info\/index.php?rest_route=%2Fwp%2Fv2%2Ftags&post=304463"}],"curies":[{"name":"wp","href":"https:\/\/api.w.org\/{rel}","templated":true}]}}