{"id":304486,"date":"2026-03-09T13:50:19","date_gmt":"2026-03-09T17:50:19","guid":{"rendered":"https:\/\/elluchador.info\/?p=304486"},"modified":"2026-03-09T13:50:51","modified_gmt":"2026-03-09T17:50:51","slug":"coromoto-lugo-el-oro-debe-llegar-al-pueblo-no-solo-al-estado","status":"publish","type":"post","link":"https:\/\/elluchador.info\/?p=304486","title":{"rendered":"Coromoto Lugo: El oro debe llegar al pueblo, no solo al Estado"},"content":{"rendered":"\n<p>Ante la reciente reestructuraci\u00f3n del sector aur\u00edfero nacional, el alcalde del municipio El Callao, Coromoto Lugo, fij\u00f3 una posici\u00f3n constructiva pero firme, al reconocer la nueva arquitectura jur\u00eddica que posiciona a la Corporaci\u00f3n Venezolana de Miner\u00eda (CVM) como el ente rector y estrat\u00e9gico, tras la absorci\u00f3n de Minerven seg\u00fan la Gaceta Oficial Extraordinaria N\u00b0 6.994.<\/p>\n\n\n\n<p>Para Lugo, este movimiento debe marcar el fin de una etapa de \u00abmonopolio asfixiante\u00bb y dar paso a una gesti\u00f3n t\u00e9cnica que rescate la producci\u00f3n y, sobre todo, atienda la emergencia social que vive el sur del estado Bol\u00edvar.<\/p>\n\n\n\n<p>El alcalde calific\u00f3 como un paso necesario la clarificaci\u00f3n de roles dentro de la industria. Con la publicaci\u00f3n de la Licencia General 51 de la OFAC en marzo de 2026, se abre una ventana de oportunidad internacional que no puede desperdiciarse.<\/p>\n\n\n\n<p><em>\u00abReconocemos el nuevo rol de la CVM como la &#8216;Casa Matriz&#8217; y ente comercializador ante el BCV. Sin embargo, este dise\u00f1o solo tendr\u00e1 \u00e9xito si se permite que Minerven recupere su esencia como brazo t\u00e9cnico e industrial\u00bb<\/em>, afirm\u00f3 Lugo.<\/p>\n\n\n\n<p>El mandatario record\u00f3 que, tras a\u00f1os de una gesti\u00f3n deficiente, la producci\u00f3n de Minerven se desplom\u00f3 de 900 kg a solo 80 kg mensuales. <em>\u00abEs hora de que la ingenier\u00eda de campo se separe de la pol\u00edtica comercial para evitar la fuga de mineral y la ineficiencia\u00bb<\/em>.<\/p>\n\n\n\n<p>Lugo fue enf\u00e1tico al se\u00f1alar la contradicci\u00f3n que vive su municipio: El Callao genera el 70% del oro nacional, pero sufre un colapso total de servicios p\u00fablicos.<\/p>\n\n\n\n<p>Enumer\u00f3 las deficiencias al se\u00f1alar que hubo un crecimiento desbordado ya que la poblaci\u00f3n pas\u00f3 de 30 mil a 90 mil habitantes en 15 a\u00f1os sin inversi\u00f3n en infraestructura, denunci\u00f3 que, desde 2016, las alianzas mineras privadas no han tributado al municipio y en consecuencia los hospitales, vialidad y redes el\u00e9ctricas se encuentran en estado cr\u00edtico pese a la riqueza que sale de sus tierras.<\/p>\n\n\n\n<p>\u00abVemos con buenos ojos que se desarticule el control absoluto que desplaz\u00f3 la mano de obra profesional, pero la nueva Ruta del Oro no puede ser solo un camino hacia las b\u00f3vedas del Banco Central; tiene que pasar primero por el hospital y las escuelas de El Callao\u00bb, sentenci\u00f3.<\/p>\n\n\n\n<p>Uno de los puntos clave de la declaraci\u00f3n fue el llamado a la despolitizaci\u00f3n. Lugo cuestion\u00f3 la concentraci\u00f3n de cargos en el sector, instando a que la direcci\u00f3n de la CVM y Minerven priorice a profesionales t\u00e9cnicos sobre operadores pol\u00edticos.<\/p>\n\n\n\n<p>Finalmente, el alcalde inst\u00f3 al Estado y a los actores internacionales a no olvidar a los m\u00e1s vulnerables en este nuevo esquema como son los mineros artesanales quienes deben ser integrados formalmente, la inclusi\u00f3n de las comunidades ind\u00edgenas cuyo desplazamiento debe cesar. Exige adem\u00e1s una justa retribuci\u00f3n por el impacto social de la actividad.<\/p>\n\n\n\n<p>\u00abEl potencial aur\u00edfero de Bol\u00edvar proyecta reservas para 200 a\u00f1os. No podemos permitir que el futuro de las pr\u00f3ximas generaciones se agote en un modelo que solo beneficia a las \u00e9lites. El oro debe ser, de una vez por todas, para el pueblo\u00bb, concluy\u00f3.<\/p>\n\n\n\n<p><strong>Prensa CL<\/strong><\/p>\n","protected":false},"excerpt":{"rendered":"<p>Ante la reciente reestructuraci\u00f3n del sector aur\u00edfero nacional, el alcalde del municipio El Callao, Coromoto Lugo, fij\u00f3 una posici\u00f3n constructiva pero firme, al reconocer la nueva arquitectura jur\u00eddica que posiciona a la Corporaci\u00f3n Venezolana de Miner\u00eda (CVM) como el ente rector y estrat\u00e9gico, tras la absorci\u00f3n de Minerven seg\u00fan la Gaceta Oficial Extraordinaria N\u00b0 6.994. [&hellip;]<\/p>\n","protected":false},"author":33,"featured_media":304488,"comment_status":"closed","ping_status":"closed","sticky":false,"template":"","format":"standard","meta":{"footnotes":""},"categories":[11],"tags":[2139,6692],"class_list":{"0":"post-304486","1":"post","2":"type-post","3":"status-publish","4":"format-standard","5":"has-post-thumbnail","7":"category-politica","8":"tag-estado","9":"tag-lugo"},"_links":{"self":[{"href":"https:\/\/elluchador.info\/index.php?rest_route=\/wp\/v2\/posts\/304486","targetHints":{"allow":["GET"]}}],"collection":[{"href":"https:\/\/elluchador.info\/index.php?rest_route=\/wp\/v2\/posts"}],"about":[{"href":"https:\/\/elluchador.info\/index.php?rest_route=\/wp\/v2\/types\/post"}],"author":[{"embeddable":true,"href":"https:\/\/elluchador.info\/index.php?rest_route=\/wp\/v2\/users\/33"}],"replies":[{"embeddable":true,"href":"https:\/\/elluchador.info\/index.php?rest_route=%2Fwp%2Fv2%2Fcomments&post=304486"}],"version-history":[{"count":1,"href":"https:\/\/elluchador.info\/index.php?rest_route=\/wp\/v2\/posts\/304486\/revisions"}],"predecessor-version":[{"id":304489,"href":"https:\/\/elluchador.info\/index.php?rest_route=\/wp\/v2\/posts\/304486\/revisions\/304489"}],"wp:featuredmedia":[{"embeddable":true,"href":"https:\/\/elluchador.info\/index.php?rest_route=\/wp\/v2\/media\/304488"}],"wp:attachment":[{"href":"https:\/\/elluchador.info\/index.php?rest_route=%2Fwp%2Fv2%2Fmedia&parent=304486"}],"wp:term":[{"taxonomy":"category","embeddable":true,"href":"https:\/\/elluchador.info\/index.php?rest_route=%2Fwp%2Fv2%2Fcategories&post=304486"},{"taxonomy":"post_tag","embeddable":true,"href":"https:\/\/elluchador.info\/index.php?rest_route=%2Fwp%2Fv2%2Ftags&post=304486"}],"curies":[{"name":"wp","href":"https:\/\/api.w.org\/{rel}","templated":true}]}}