{"id":304501,"date":"2026-03-09T14:33:53","date_gmt":"2026-03-09T18:33:53","guid":{"rendered":"https:\/\/elluchador.info\/?p=304501"},"modified":"2026-03-09T14:34:26","modified_gmt":"2026-03-09T18:34:26","slug":"gaceta-oficial-ordenan-la-fusion-de-la-corporacion-venezolana-de-mineria-con-minerven","status":"publish","type":"post","link":"https:\/\/elluchador.info\/?p=304501","title":{"rendered":"Gaceta Oficial: Ordenan la fusi\u00f3n de la Corporaci\u00f3n Venezolana de Miner\u00eda con Minerven"},"content":{"rendered":"\n<p>Por Decreto Presidencial N\u00ba 5.266, publicado en Gaceta Oficial Extraordinaria N\u00ba 6.994, de fecha 6 de marzo de 2026, se ordena la fusi\u00f3n por absorci\u00f3n de la Corporaci\u00f3n Venezolana de Miner\u00eda (CVM) con la Compa\u00f1\u00eda General de Miner\u00eda de Venezuela (Minerven).<\/p>\n\n\n\n<p>Seg\u00fan la normativa, la Corporaci\u00f3n Venezolana de Miner\u00eda tendr\u00e1 el car\u00e1cter subsistente y resalt\u00f3 que el patrimonio de Minerven, conformada por sus activos y pasivos, se transferir\u00e1n a la CVM.<\/p>\n\n\n\n<p>La Corporaci\u00f3n Venezolana de Miner\u00eda realizar\u00e1 las adecuaciones organizativas que correspondan en materia de talento humano, por lo cual dispondr\u00e1 de 30 d\u00edas contados a partir de la publicaci\u00f3n de este Decreto.<\/p>\n\n\n<div class=\"wp-block-image\">\n<figure class=\"aligncenter size-full\"><img loading=\"lazy\" decoding=\"async\" width=\"720\" height=\"960\" src=\"https:\/\/elluchador.info\/wp-content\/uploads\/2026\/03\/41-1.jpg\" alt=\"\" class=\"wp-image-304502\" srcset=\"https:\/\/elluchador.info\/wp-content\/uploads\/2026\/03\/41-1.jpg 720w, https:\/\/elluchador.info\/wp-content\/uploads\/2026\/03\/41-1-225x300.jpg 225w, https:\/\/elluchador.info\/wp-content\/uploads\/2026\/03\/41-1-150x200.jpg 150w, https:\/\/elluchador.info\/wp-content\/uploads\/2026\/03\/41-1-300x400.jpg 300w, https:\/\/elluchador.info\/wp-content\/uploads\/2026\/03\/41-1-696x928.jpg 696w\" sizes=\"auto, (max-width: 720px) 100vw, 720px\" \/><\/figure>\n<\/div>\n\n\n<p>Igualmente, por Decreto Presidencial N\u00ba 5.267, H\u00e9ctor Jos\u00e9 Silva Hern\u00e1ndez es nombrado como el presidente de la Corporaci\u00f3n Venezolana de Miner\u00eda (CVM), en condici\u00f3n de encargado.<\/p>\n\n\n\n<p>Con informaci\u00f3n <strong><em>Medios Nacionales<\/em><\/strong><\/p>\n","protected":false},"excerpt":{"rendered":"<p>Por Decreto Presidencial N\u00ba 5.266, publicado en Gaceta Oficial Extraordinaria N\u00ba 6.994, de fecha 6 de marzo de 2026, se ordena la fusi\u00f3n por absorci\u00f3n de la Corporaci\u00f3n Venezolana de Miner\u00eda (CVM) con la Compa\u00f1\u00eda General de Miner\u00eda de Venezuela (Minerven). Seg\u00fan la normativa, la Corporaci\u00f3n Venezolana de Miner\u00eda tendr\u00e1 el car\u00e1cter subsistente y resalt\u00f3 [&hellip;]<\/p>\n","protected":false},"author":33,"featured_media":304503,"comment_status":"closed","ping_status":"closed","sticky":false,"template":"","format":"standard","meta":{"footnotes":""},"categories":[5,9],"tags":[3221,6693,3220],"class_list":{"0":"post-304501","1":"post","2":"type-post","3":"status-publish","4":"format-standard","5":"has-post-thumbnail","7":"category-destacado","8":"category-nacionales","9":"tag-cvm","10":"tag-fusion","11":"tag-minerven"},"_links":{"self":[{"href":"https:\/\/elluchador.info\/index.php?rest_route=\/wp\/v2\/posts\/304501","targetHints":{"allow":["GET"]}}],"collection":[{"href":"https:\/\/elluchador.info\/index.php?rest_route=\/wp\/v2\/posts"}],"about":[{"href":"https:\/\/elluchador.info\/index.php?rest_route=\/wp\/v2\/types\/post"}],"author":[{"embeddable":true,"href":"https:\/\/elluchador.info\/index.php?rest_route=\/wp\/v2\/users\/33"}],"replies":[{"embeddable":true,"href":"https:\/\/elluchador.info\/index.php?rest_route=%2Fwp%2Fv2%2Fcomments&post=304501"}],"version-history":[{"count":1,"href":"https:\/\/elluchador.info\/index.php?rest_route=\/wp\/v2\/posts\/304501\/revisions"}],"predecessor-version":[{"id":304504,"href":"https:\/\/elluchador.info\/index.php?rest_route=\/wp\/v2\/posts\/304501\/revisions\/304504"}],"wp:featuredmedia":[{"embeddable":true,"href":"https:\/\/elluchador.info\/index.php?rest_route=\/wp\/v2\/media\/304503"}],"wp:attachment":[{"href":"https:\/\/elluchador.info\/index.php?rest_route=%2Fwp%2Fv2%2Fmedia&parent=304501"}],"wp:term":[{"taxonomy":"category","embeddable":true,"href":"https:\/\/elluchador.info\/index.php?rest_route=%2Fwp%2Fv2%2Fcategories&post=304501"},{"taxonomy":"post_tag","embeddable":true,"href":"https:\/\/elluchador.info\/index.php?rest_route=%2Fwp%2Fv2%2Ftags&post=304501"}],"curies":[{"name":"wp","href":"https:\/\/api.w.org\/{rel}","templated":true}]}}