{"id":304505,"date":"2026-03-09T14:53:55","date_gmt":"2026-03-09T18:53:55","guid":{"rendered":"https:\/\/elluchador.info\/?p=304505"},"modified":"2026-03-09T14:54:03","modified_gmt":"2026-03-09T18:54:03","slug":"willie-colon-es-despedido-en-una-misa-publica-en-nueva-york","status":"publish","type":"post","link":"https:\/\/elluchador.info\/?p=304505","title":{"rendered":"Willie Col\u00f3n es despedido en una misa p\u00fablica en Nueva York"},"content":{"rendered":"\n<p>El icono de la salsa Willie Col\u00f3n, fue despedido con honores en una misa en la Catedral de San Patricio, Manhattan. El gigante de la salsa falleci\u00f3 el 21 de febrero de 2026 a los 75 a\u00f1os en un hospital de la ciudad de Nueva York, por complicaciones de salud derivadas de una insuficiencia respiratoria y enfermedad pulmonar.<\/p>\n\n\n\n<p>Familiares, m\u00fasicos y seguidores del \u00abRey del Tromb\u00f3n\u00bb se reunieron en las calles para despedir y honrar al compositor estadounidense de origen puertorrique\u00f1o que marc\u00f3 una \u00e9poca en la m\u00fasica latina.<\/p>\n\n\n<div class=\"wp-block-image\">\n<figure class=\"aligncenter size-full is-resized\"><img loading=\"lazy\" decoding=\"async\" width=\"768\" height=\"432\" src=\"https:\/\/elluchador.info\/wp-content\/uploads\/2026\/03\/5-1.webp\" alt=\"\" class=\"wp-image-304506\" style=\"width:648px;height:auto\" srcset=\"https:\/\/elluchador.info\/wp-content\/uploads\/2026\/03\/5-1.webp 768w, https:\/\/elluchador.info\/wp-content\/uploads\/2026\/03\/5-1-300x169.webp 300w, https:\/\/elluchador.info\/wp-content\/uploads\/2026\/03\/5-1-150x84.webp 150w, https:\/\/elluchador.info\/wp-content\/uploads\/2026\/03\/5-1-696x392.webp 696w\" sizes=\"auto, (max-width: 768px) 100vw, 768px\" \/><\/figure>\n<\/div>\n\n\n<p>En la misa p\u00fablica, Diego y Alejandro, hijos de Willie Col\u00f3n, destacaron la calidad humana y musical de su padre, ya que sus mayores ense\u00f1anzas radicaron en los valores familiares y la disciplina que les inculc\u00f3 a ellos y a sus otros tres hermanos, para que su legado siga vigente a trav\u00e9s de las nuevas generaciones.<\/p>\n\n\n\n<p>Con informaci\u00f3n <strong><em>Agencias.-<\/em><\/strong><\/p>\n","protected":false},"excerpt":{"rendered":"<p>El icono de la salsa Willie Col\u00f3n, fue despedido con honores en una misa en la Catedral de San Patricio, Manhattan. El gigante de la salsa falleci\u00f3 el 21 de febrero de 2026 a los 75 a\u00f1os en un hospital de la ciudad de Nueva York, por complicaciones de salud derivadas de una insuficiencia respiratoria [&hellip;]<\/p>\n","protected":false},"author":33,"featured_media":304507,"comment_status":"closed","ping_status":"closed","sticky":false,"template":"","format":"standard","meta":{"footnotes":""},"categories":[7],"tags":[1666,6694],"class_list":{"0":"post-304505","1":"post","2":"type-post","3":"status-publish","4":"format-standard","5":"has-post-thumbnail","7":"category-entretenimiento","8":"tag-colon","9":"tag-willie"},"_links":{"self":[{"href":"https:\/\/elluchador.info\/index.php?rest_route=\/wp\/v2\/posts\/304505","targetHints":{"allow":["GET"]}}],"collection":[{"href":"https:\/\/elluchador.info\/index.php?rest_route=\/wp\/v2\/posts"}],"about":[{"href":"https:\/\/elluchador.info\/index.php?rest_route=\/wp\/v2\/types\/post"}],"author":[{"embeddable":true,"href":"https:\/\/elluchador.info\/index.php?rest_route=\/wp\/v2\/users\/33"}],"replies":[{"embeddable":true,"href":"https:\/\/elluchador.info\/index.php?rest_route=%2Fwp%2Fv2%2Fcomments&post=304505"}],"version-history":[{"count":1,"href":"https:\/\/elluchador.info\/index.php?rest_route=\/wp\/v2\/posts\/304505\/revisions"}],"predecessor-version":[{"id":304508,"href":"https:\/\/elluchador.info\/index.php?rest_route=\/wp\/v2\/posts\/304505\/revisions\/304508"}],"wp:featuredmedia":[{"embeddable":true,"href":"https:\/\/elluchador.info\/index.php?rest_route=\/wp\/v2\/media\/304507"}],"wp:attachment":[{"href":"https:\/\/elluchador.info\/index.php?rest_route=%2Fwp%2Fv2%2Fmedia&parent=304505"}],"wp:term":[{"taxonomy":"category","embeddable":true,"href":"https:\/\/elluchador.info\/index.php?rest_route=%2Fwp%2Fv2%2Fcategories&post=304505"},{"taxonomy":"post_tag","embeddable":true,"href":"https:\/\/elluchador.info\/index.php?rest_route=%2Fwp%2Fv2%2Ftags&post=304505"}],"curies":[{"name":"wp","href":"https:\/\/api.w.org\/{rel}","templated":true}]}}