{"id":304515,"date":"2026-03-09T16:15:07","date_gmt":"2026-03-09T20:15:07","guid":{"rendered":"https:\/\/elluchador.info\/?p=304515"},"modified":"2026-03-09T16:15:11","modified_gmt":"2026-03-09T20:15:11","slug":"detienen-a-venezolana-por-ahogar-a-su-hija-en-espana","status":"publish","type":"post","link":"https:\/\/elluchador.info\/?p=304515","title":{"rendered":"Detienen a venezolana por ahogar a su hija en Espa\u00f1a"},"content":{"rendered":"\n<p>Un tribunal de Las Palmas de Gran Canaria, capital de la isla espa\u00f1ola de Gran Canaria (Espa\u00f1a), orden\u00f3 el lunes 9 de marzo el ingreso de una inmigrante venezolana acusada de haber ahogado en el mar a su hija de un a\u00f1o y medio de nacida.<\/p>\n\n\n\n<p>La mujer de 29 a\u00f1os de edad, quien lleg\u00f3 hace siete meses a Canarias con su hija a la localidad espa\u00f1ola, declar\u00f3 que \u201csinti\u00f3 el impulso\u201d de \u201ctumbar\u201d a la ni\u00f1a en un \u201ccharco\u201d de la costa.<\/p>\n\n\n\n<p><strong>Hechos<\/strong><\/p>\n\n\n\n<p>La mujer fue arrestada el 4 de marzo de 2026, despu\u00e9s que los vecinos de la localidad la vieran deambulando con el cuerpo mojado de su hija en brazos.<\/p>\n\n\n\n<p>\u201cDesorientada, con la mirada perdida y un andar lento y sin rumbo definido\u201d, se lee tras haberse levantado el secreto de sumario ya expuesto por el Juzgado de Violencia contra la Infancia de Las Palmas de Gran Canaria.<\/p>\n\n\n\n<p>La detenida, quien no ha sido identificada p\u00fablicamente, declar\u00f3 ante el juez que camin\u00f3 con la ni\u00f1a hasta el paseo mar\u00edtimo de la ciudad y se adentr\u00f3 en la costa.<\/p>\n\n\n\n<p>\u201cSinti\u00f3 un impulso que la llev\u00f3 a coger a la menor por la cara y tumbarla boca arriba en uno de los charcos (que forman las mareas), donde el agua le cubr\u00eda por debajo de las rodillas\u201d, declar\u00f3.<\/p>\n\n\n\n<p>Sobre su estado m\u00e9dico y psiqui\u00e1trico, los facultativos que la examinaron indicaron que \u201cpresenta un discurso lineal y coherente, sin alteraciones formales del pensamiento\u201d, aunque s\u00ed aprecian en ella \u201cuna cierta indiferencia afectiva\u201d.<\/p>\n\n\n\n<p>Con todos estos indicios, el juez concluy\u00f3 que cabe acusar a la imputada de un delito de asesinato con alevos\u00eda que podr\u00eda acarrear una condena de prisi\u00f3n permanente revisable.<\/p>\n\n\n\n<p>Por ello, dict\u00f3 contra ella una orden de prisi\u00f3n preventiva sin fianza al observar riesgo de fuga, ya que la detenida no tiene arraigo en Espa\u00f1a y se encuentra en el pa\u00eds en situaci\u00f3n irregular.<\/p>\n\n\n\n<p>Con informaci\u00f3n <strong><em>Agencias.- \/ NTV25<\/em><\/strong><\/p>\n","protected":false},"excerpt":{"rendered":"<p>Un tribunal de Las Palmas de Gran Canaria, capital de la isla espa\u00f1ola de Gran Canaria (Espa\u00f1a), orden\u00f3 el lunes 9 de marzo el ingreso de una inmigrante venezolana acusada de haber ahogado en el mar a su hija de un a\u00f1o y medio de nacida. La mujer de 29 a\u00f1os de edad, quien lleg\u00f3 [&hellip;]<\/p>\n","protected":false},"author":33,"featured_media":304516,"comment_status":"closed","ping_status":"closed","sticky":false,"template":"","format":"standard","meta":{"footnotes":""},"categories":[13],"tags":[592,1627],"class_list":{"0":"post-304515","1":"post","2":"type-post","3":"status-publish","4":"format-standard","5":"has-post-thumbnail","8":"tag-espana","9":"tag-hija"},"_links":{"self":[{"href":"https:\/\/elluchador.info\/index.php?rest_route=\/wp\/v2\/posts\/304515","targetHints":{"allow":["GET"]}}],"collection":[{"href":"https:\/\/elluchador.info\/index.php?rest_route=\/wp\/v2\/posts"}],"about":[{"href":"https:\/\/elluchador.info\/index.php?rest_route=\/wp\/v2\/types\/post"}],"author":[{"embeddable":true,"href":"https:\/\/elluchador.info\/index.php?rest_route=\/wp\/v2\/users\/33"}],"replies":[{"embeddable":true,"href":"https:\/\/elluchador.info\/index.php?rest_route=%2Fwp%2Fv2%2Fcomments&post=304515"}],"version-history":[{"count":1,"href":"https:\/\/elluchador.info\/index.php?rest_route=\/wp\/v2\/posts\/304515\/revisions"}],"predecessor-version":[{"id":304517,"href":"https:\/\/elluchador.info\/index.php?rest_route=\/wp\/v2\/posts\/304515\/revisions\/304517"}],"wp:featuredmedia":[{"embeddable":true,"href":"https:\/\/elluchador.info\/index.php?rest_route=\/wp\/v2\/media\/304516"}],"wp:attachment":[{"href":"https:\/\/elluchador.info\/index.php?rest_route=%2Fwp%2Fv2%2Fmedia&parent=304515"}],"wp:term":[{"taxonomy":"category","embeddable":true,"href":"https:\/\/elluchador.info\/index.php?rest_route=%2Fwp%2Fv2%2Fcategories&post=304515"},{"taxonomy":"post_tag","embeddable":true,"href":"https:\/\/elluchador.info\/index.php?rest_route=%2Fwp%2Fv2%2Ftags&post=304515"}],"curies":[{"name":"wp","href":"https:\/\/api.w.org\/{rel}","templated":true}]}}