{"id":304536,"date":"2026-03-09T21:14:39","date_gmt":"2026-03-10T01:14:39","guid":{"rendered":"https:\/\/elluchador.info\/?p=304536"},"modified":"2026-03-09T21:14:43","modified_gmt":"2026-03-10T01:14:43","slug":"extienden-lapso-de-postulaciones-a-fiscal-general-y-defensor-del-pueblo","status":"publish","type":"post","link":"https:\/\/elluchador.info\/?p=304536","title":{"rendered":"Extienden lapso de postulaciones a fiscal general y defensor del pueblo"},"content":{"rendered":"\n<p>El presidente del Comit\u00e9 Preliminar de Postulaciones de la Asamblea Nacional (AN), Giuseppe Alessandrello,&nbsp;anunci\u00f3 una pr\u00f3rroga hasta el viernes 13 de marzo para quienes deseen postularse a los cargos de fiscal general y defensor del pueblo.<\/p>\n\n\n\n<p>\u00abEl comit\u00e9 se reuni\u00f3 y decidi\u00f3 dar una pr\u00f3rroga hasta el d\u00eda viernes a las 10:00 de la ma\u00f1ana.<\/p>\n\n\n\n<p>Una vez coincluido el d\u00eda viernes a esa hora la recepci\u00f3n de todas las postulaciones que existan, nosotros vamos a iniciar el proceso de evaluaci\u00f3n\u00bb,&nbsp;dijo en la sesi\u00f3n ordinaria de este lunes.<\/p>\n\n\n\n<p><strong>Asegur\u00f3 que la decisi\u00f3n se tom\u00f3 \u00aben vista de la cantidad de llamadas\u00bb<\/strong>&nbsp;de ciudadanos que expresaron la necesidad de m\u00e1s d\u00edas para postular sus nombres y consignar los documentos.<\/p>\n\n\n\n<p><strong><em>\u00abTenemos un n\u00famero muy superior (de postulaciones)\u00bb,<\/em><\/strong>&nbsp;dijo respecto al proceso anterior para renovar esas intituciones.<\/p>\n\n\n\n<p>Con informaci\u00f3n <strong><em>Medios Nacionales<\/em><\/strong><\/p>\n","protected":false},"excerpt":{"rendered":"<p>El presidente del Comit\u00e9 Preliminar de Postulaciones de la Asamblea Nacional (AN), Giuseppe Alessandrello,&nbsp;anunci\u00f3 una pr\u00f3rroga hasta el viernes 13 de marzo para quienes deseen postularse a los cargos de fiscal general y defensor del pueblo. \u00abEl comit\u00e9 se reuni\u00f3 y decidi\u00f3 dar una pr\u00f3rroga hasta el d\u00eda viernes a las 10:00 de la ma\u00f1ana. [&hellip;]<\/p>\n","protected":false},"author":33,"featured_media":304537,"comment_status":"closed","ping_status":"closed","sticky":false,"template":"","format":"standard","meta":{"footnotes":""},"categories":[11],"tags":[1956,105],"class_list":{"0":"post-304536","1":"post","2":"type-post","3":"status-publish","4":"format-standard","5":"has-post-thumbnail","7":"category-politica","8":"tag-asamblea","9":"tag-venezuela"},"_links":{"self":[{"href":"https:\/\/elluchador.info\/index.php?rest_route=\/wp\/v2\/posts\/304536","targetHints":{"allow":["GET"]}}],"collection":[{"href":"https:\/\/elluchador.info\/index.php?rest_route=\/wp\/v2\/posts"}],"about":[{"href":"https:\/\/elluchador.info\/index.php?rest_route=\/wp\/v2\/types\/post"}],"author":[{"embeddable":true,"href":"https:\/\/elluchador.info\/index.php?rest_route=\/wp\/v2\/users\/33"}],"replies":[{"embeddable":true,"href":"https:\/\/elluchador.info\/index.php?rest_route=%2Fwp%2Fv2%2Fcomments&post=304536"}],"version-history":[{"count":1,"href":"https:\/\/elluchador.info\/index.php?rest_route=\/wp\/v2\/posts\/304536\/revisions"}],"predecessor-version":[{"id":304538,"href":"https:\/\/elluchador.info\/index.php?rest_route=\/wp\/v2\/posts\/304536\/revisions\/304538"}],"wp:featuredmedia":[{"embeddable":true,"href":"https:\/\/elluchador.info\/index.php?rest_route=\/wp\/v2\/media\/304537"}],"wp:attachment":[{"href":"https:\/\/elluchador.info\/index.php?rest_route=%2Fwp%2Fv2%2Fmedia&parent=304536"}],"wp:term":[{"taxonomy":"category","embeddable":true,"href":"https:\/\/elluchador.info\/index.php?rest_route=%2Fwp%2Fv2%2Fcategories&post=304536"},{"taxonomy":"post_tag","embeddable":true,"href":"https:\/\/elluchador.info\/index.php?rest_route=%2Fwp%2Fv2%2Ftags&post=304536"}],"curies":[{"name":"wp","href":"https:\/\/api.w.org\/{rel}","templated":true}]}}