{"id":304552,"date":"2026-03-10T10:08:17","date_gmt":"2026-03-10T14:08:17","guid":{"rendered":"https:\/\/elluchador.info\/?p=304552"},"modified":"2026-03-10T10:08:49","modified_gmt":"2026-03-10T14:08:49","slug":"aruba-evalua-restablecer-vuelos-comerciales-con-venezuela","status":"publish","type":"post","link":"https:\/\/elluchador.info\/?p=304552","title":{"rendered":"Aruba eval\u00faa restablecer vuelos comerciales con Venezuela"},"content":{"rendered":"\n<p>El primer ministro de Aruba, Mike Eman, inform\u00f3 que su gobierno analiza la posibilidad de reanudar los vuelos comerciales con Venezuela, suspendidos desde 2019, como parte de un proceso de evaluaci\u00f3n que podr\u00eda concretarse en los pr\u00f3ximos meses si las condiciones lo permiten.<\/p>\n\n\n\n<p>En entrevista con <em>Noticia Impacto<\/em>, Eman explic\u00f3 que las autoridades de la isla trabajan en coordinaci\u00f3n con el Reino de los Pa\u00edses Bajos para estudiar la viabilidad de restablecer la conectividad a\u00e9rea una vez que concluya el actual per\u00edodo de cierre del&nbsp;espacio&nbsp;a\u00e9reo entre ambos territorios.<\/p>\n\n\n\n<p>\u00abEstamos en un proceso que nos da una luz en el horizonte\u00bb, afirm\u00f3 el mandatario, quien revel\u00f3 que sostuvo recientemente una reuni\u00f3n con el director responsable del sistema de visas del Reino de los Pa\u00edses Bajos para abordar la posible reapertura del tr\u00e1nsito a\u00e9reo.<\/p>\n\n\n\n<p>Eman detall\u00f3 que el gobierno arubano solicit\u00f3 formalmente a las autoridades neerlandesas una evaluaci\u00f3n sobre la capacidad del sistema consular para manejar un eventual aumento en las solicitudes de visa, as\u00ed como un dictamen sobre si consideran recomendable avanzar hacia la&nbsp;reapertura&nbsp;de los vuelos.<\/p>\n\n\n\n<p>La suspensi\u00f3n de las operaciones a\u00e9reas entre Venezuela y Aruba se mantiene desde 2019, cuando las relaciones bilaterales se vieron afectadas por la crisis pol\u00edtica en la regi\u00f3n. De concretarse el restablecimiento de los vuelos, se abrir\u00eda una nueva etapa de conectividad y acercamiento entre ambos territorios caribe\u00f1os.<\/p>\n\n\n\n<p>Con informaci\u00f3n <strong><em>El Nacional<\/em><\/strong><\/p>\n","protected":false},"excerpt":{"rendered":"<p>El primer ministro de Aruba, Mike Eman, inform\u00f3 que su gobierno analiza la posibilidad de reanudar los vuelos comerciales con Venezuela, suspendidos desde 2019, como parte de un proceso de evaluaci\u00f3n que podr\u00eda concretarse en los pr\u00f3ximos meses si las condiciones lo permiten. En entrevista con Noticia Impacto, Eman explic\u00f3 que las autoridades de la [&hellip;]<\/p>\n","protected":false},"author":33,"featured_media":304553,"comment_status":"closed","ping_status":"closed","sticky":false,"template":"","format":"standard","meta":{"footnotes":""},"categories":[6],"tags":[105,136],"class_list":{"0":"post-304552","1":"post","2":"type-post","3":"status-publish","4":"format-standard","5":"has-post-thumbnail","7":"category-economia","8":"tag-venezuela","9":"tag-vuelos"},"_links":{"self":[{"href":"https:\/\/elluchador.info\/index.php?rest_route=\/wp\/v2\/posts\/304552","targetHints":{"allow":["GET"]}}],"collection":[{"href":"https:\/\/elluchador.info\/index.php?rest_route=\/wp\/v2\/posts"}],"about":[{"href":"https:\/\/elluchador.info\/index.php?rest_route=\/wp\/v2\/types\/post"}],"author":[{"embeddable":true,"href":"https:\/\/elluchador.info\/index.php?rest_route=\/wp\/v2\/users\/33"}],"replies":[{"embeddable":true,"href":"https:\/\/elluchador.info\/index.php?rest_route=%2Fwp%2Fv2%2Fcomments&post=304552"}],"version-history":[{"count":1,"href":"https:\/\/elluchador.info\/index.php?rest_route=\/wp\/v2\/posts\/304552\/revisions"}],"predecessor-version":[{"id":304554,"href":"https:\/\/elluchador.info\/index.php?rest_route=\/wp\/v2\/posts\/304552\/revisions\/304554"}],"wp:featuredmedia":[{"embeddable":true,"href":"https:\/\/elluchador.info\/index.php?rest_route=\/wp\/v2\/media\/304553"}],"wp:attachment":[{"href":"https:\/\/elluchador.info\/index.php?rest_route=%2Fwp%2Fv2%2Fmedia&parent=304552"}],"wp:term":[{"taxonomy":"category","embeddable":true,"href":"https:\/\/elluchador.info\/index.php?rest_route=%2Fwp%2Fv2%2Fcategories&post=304552"},{"taxonomy":"post_tag","embeddable":true,"href":"https:\/\/elluchador.info\/index.php?rest_route=%2Fwp%2Fv2%2Ftags&post=304552"}],"curies":[{"name":"wp","href":"https:\/\/api.w.org\/{rel}","templated":true}]}}