{"id":304573,"date":"2026-03-10T13:24:34","date_gmt":"2026-03-10T17:24:34","guid":{"rendered":"https:\/\/elluchador.info\/?p=304573"},"modified":"2026-03-10T13:24:36","modified_gmt":"2026-03-10T17:24:36","slug":"preparan-la-ii-cumbre-minera-2026","status":"publish","type":"post","link":"https:\/\/elluchador.info\/?p=304573","title":{"rendered":"Preparan la II Cumbre minera 2026"},"content":{"rendered":"\n<p>La II Cumbre Minera del Sur El Dorado 2026 se centrar\u00e1 en la integraci\u00f3n de las comunidades y la preservaci\u00f3n ambiental mediante procesos de vanguardia.&nbsp;<\/p>\n\n\n\n<p>El evento es organizado por el Bloque de Integraci\u00f3n Empresarial Suroriental (BIESUR), en alianza con la Asociaci\u00f3n Civil de Receptores y Proveedores de Oro del estado Bol\u00edvar (Acreporobol).<\/p>\n\n\n\n<p>Sen\u00e9n Torrealba, Presidente de Biesur, destac\u00f3 la relevancia geopol\u00edtica del encuentro: \u00abEsta cumbre no es solo un evento gremial, es el epicentro del debate para la evoluci\u00f3n productiva de Bol\u00edvar y Guayana Esequiba. Estamos trazando una alternativa econ\u00f3mica s\u00f3lida y sustentable que no dependa exclusivamente del petr\u00f3leo, uniendo al sector p\u00fablico y privado en un solo bloque\u00bb.<\/p>\n\n\n\n<p>Mineros, empresarios, comerciantes y emprendedores ser\u00e1n convocados por el comit\u00e9 organizador, integrado por Miguel Olivo (Acreporobol); Erick Leiva, Vicepresidente de Biesur Guayana Esequiba; Juan Rodr\u00edguez, presidente de la C\u00e1mara de Comercio de Guayana Esequiba; los Legisladores de la Guayana Esequiba, Marlene Vargas y Cnel. Jos\u00e9 Castellano, entre otros.<\/p>\n\n\n\n<p>Miguel Olivo, presidente Acreporobol, enfatiz\u00f3: \u00abLa peque\u00f1a miner\u00eda artesanal representa hoy cerca del 45% de nuestra actividad. En esta cumbre, las brigadas mineras, moliendas y comercializadores nos unimos para fortalecer pol\u00edticas de sostenibilidad. Nuestro objetivo es la integraci\u00f3n absoluta de las comunidades mineras en un proceso de vanguardia que preserve el ambiente y garantice el bienestar de nuestra gente\u00bb.<\/p>\n\n\n\n<p><strong>Medios Biesur<\/strong><\/p>\n","protected":false},"excerpt":{"rendered":"<p>La II Cumbre Minera del Sur El Dorado 2026 se centrar\u00e1 en la integraci\u00f3n de las comunidades y la preservaci\u00f3n ambiental mediante procesos de vanguardia.&nbsp; El evento es organizado por el Bloque de Integraci\u00f3n Empresarial Suroriental (BIESUR), en alianza con la Asociaci\u00f3n Civil de Receptores y Proveedores de Oro del estado Bol\u00edvar (Acreporobol). Sen\u00e9n Torrealba, [&hellip;]<\/p>\n","protected":false},"author":2,"featured_media":304574,"comment_status":"closed","ping_status":"closed","sticky":false,"template":"","format":"standard","meta":{"footnotes":""},"categories":[12],"tags":[185],"class_list":{"0":"post-304573","1":"post","2":"type-post","3":"status-publish","4":"format-standard","5":"has-post-thumbnail","7":"category-regionales","8":"tag-bolivar"},"_links":{"self":[{"href":"https:\/\/elluchador.info\/index.php?rest_route=\/wp\/v2\/posts\/304573","targetHints":{"allow":["GET"]}}],"collection":[{"href":"https:\/\/elluchador.info\/index.php?rest_route=\/wp\/v2\/posts"}],"about":[{"href":"https:\/\/elluchador.info\/index.php?rest_route=\/wp\/v2\/types\/post"}],"author":[{"embeddable":true,"href":"https:\/\/elluchador.info\/index.php?rest_route=\/wp\/v2\/users\/2"}],"replies":[{"embeddable":true,"href":"https:\/\/elluchador.info\/index.php?rest_route=%2Fwp%2Fv2%2Fcomments&post=304573"}],"version-history":[{"count":1,"href":"https:\/\/elluchador.info\/index.php?rest_route=\/wp\/v2\/posts\/304573\/revisions"}],"predecessor-version":[{"id":304575,"href":"https:\/\/elluchador.info\/index.php?rest_route=\/wp\/v2\/posts\/304573\/revisions\/304575"}],"wp:featuredmedia":[{"embeddable":true,"href":"https:\/\/elluchador.info\/index.php?rest_route=\/wp\/v2\/media\/304574"}],"wp:attachment":[{"href":"https:\/\/elluchador.info\/index.php?rest_route=%2Fwp%2Fv2%2Fmedia&parent=304573"}],"wp:term":[{"taxonomy":"category","embeddable":true,"href":"https:\/\/elluchador.info\/index.php?rest_route=%2Fwp%2Fv2%2Fcategories&post=304573"},{"taxonomy":"post_tag","embeddable":true,"href":"https:\/\/elluchador.info\/index.php?rest_route=%2Fwp%2Fv2%2Ftags&post=304573"}],"curies":[{"name":"wp","href":"https:\/\/api.w.org\/{rel}","templated":true}]}}