{"id":304584,"date":"2026-03-10T15:00:00","date_gmt":"2026-03-10T19:00:00","guid":{"rendered":"https:\/\/elluchador.info\/?p=304584"},"modified":"2026-03-10T14:44:11","modified_gmt":"2026-03-10T18:44:11","slug":"g7-y-ue-debatiran-medidas-para-lidiar-con-aumento-de-los-precios-del-petroleo","status":"publish","type":"post","link":"https:\/\/elluchador.info\/?p=304584","title":{"rendered":"G7 y UE debatir\u00e1n medidas para lidiar con aumento de los precios del petr\u00f3leo"},"content":{"rendered":"\n<p>En respuesta a la creciente inestabilidad en los mercados energ\u00e9ticos globales, los ministros de Energ\u00eda del Grupo de los Siete (G7) y l\u00edderes de la Uni\u00f3n Europea mantienen este martes encuentros clave para coordinar medidas frente al alza del precio del petr\u00f3leo, impulsado por el conflicto en Asia Occidental.<\/p>\n\n\n\n<p>\u200bLa preocupaci\u00f3n internacional se ha intensificado tras alcanzar el barril de crudo un promedio de 119 d\u00f3lares, la cifra m\u00e1s alta registrada en casi cuatro a\u00f1os. Este repunte responde directamente a dos factores cr\u00edticos en la regi\u00f3n del Golfo P\u00e9rsico:<br>\u200bEl descenso en los niveles de producci\u00f3n de los pa\u00edses de la zona.<br>\u200bLa disrupci\u00f3n en las rutas de tr\u00e1nsito de los buques tanqueros.<\/p>\n\n\n\n<p>\u200b<strong>Postura del G7: \u00abTodas las opciones sobre la mesa\u00bb<\/strong><br>\u200bA pesar de la escalada de precios, el ministro de Finanzas de Francia, Roland Lescure, ha enviado un mensaje de calma respecto a la disponibilidad actual de recursos, asegurando que no se reportan problemas de suministro en Europa o Estados Unidos.<\/p>\n\n\n\n<p>\u200bSin embargo, el objetivo pol\u00edtico es claro: aliviar el bolsillo del consumidor. \u00abQueremos que los precios en las gasolineras bajen\u00bb, afirm\u00f3 Lescure, subrayando que el G7 est\u00e1 preparado para adoptar las \u00abmedidas necesarias\u00bb.<\/p>\n\n\n\n<p>Aunque por el momento se ha descartado la liberaci\u00f3n de reservas estrat\u00e9gicas, el bloque se comprometi\u00f3 a mitigar las insuficiencias de suministro en zonas vulnerables de Asia.<\/p>\n\n\n\n<p>\u200b<strong>Desaf\u00edo a la competitividad europea<\/strong><br>\u200bParalelamente, la Uni\u00f3n Europea aborda la crisis desde la perspectiva de la autonom\u00eda energ\u00e9tica. En una reuni\u00f3n de alto nivel, el canciller alem\u00e1n, Friedrich Merz, junto a la primera ministra italiana, Giorgia Meloni, y el primer ministro belga, Bart de Wever, debaten sobre la competitividad de los costos energ\u00e9ticos.<\/p>\n\n\n\n<p>\u200bLa vulnerabilidad de la regi\u00f3n es notable, dado que la UE depende del exterior para gran parte de su consumo:<br>\u200b90% de importaci\u00f3n en combustibles.<br>\u200b80% de importaci\u00f3n en gas.<\/p>\n\n\n\n<p>Con informaci\u00f3n de <strong>agencias<\/strong><\/p>\n\n\n\n<p><\/p>\n","protected":false},"excerpt":{"rendered":"<p>En respuesta a la creciente inestabilidad en los mercados energ\u00e9ticos globales, los ministros de Energ\u00eda del Grupo de los Siete (G7) y l\u00edderes de la Uni\u00f3n Europea mantienen este martes encuentros clave para coordinar medidas frente al alza del precio del petr\u00f3leo, impulsado por el conflicto en Asia Occidental. \u200bLa preocupaci\u00f3n internacional se ha intensificado [&hellip;]<\/p>\n","protected":false},"author":38,"featured_media":304585,"comment_status":"closed","ping_status":"closed","sticky":false,"template":"","format":"standard","meta":{"footnotes":""},"categories":[6],"tags":[448],"class_list":{"0":"post-304584","1":"post","2":"type-post","3":"status-publish","4":"format-standard","5":"has-post-thumbnail","7":"category-economia","8":"tag-mundo"},"_links":{"self":[{"href":"https:\/\/elluchador.info\/index.php?rest_route=\/wp\/v2\/posts\/304584","targetHints":{"allow":["GET"]}}],"collection":[{"href":"https:\/\/elluchador.info\/index.php?rest_route=\/wp\/v2\/posts"}],"about":[{"href":"https:\/\/elluchador.info\/index.php?rest_route=\/wp\/v2\/types\/post"}],"author":[{"embeddable":true,"href":"https:\/\/elluchador.info\/index.php?rest_route=\/wp\/v2\/users\/38"}],"replies":[{"embeddable":true,"href":"https:\/\/elluchador.info\/index.php?rest_route=%2Fwp%2Fv2%2Fcomments&post=304584"}],"version-history":[{"count":1,"href":"https:\/\/elluchador.info\/index.php?rest_route=\/wp\/v2\/posts\/304584\/revisions"}],"predecessor-version":[{"id":304586,"href":"https:\/\/elluchador.info\/index.php?rest_route=\/wp\/v2\/posts\/304584\/revisions\/304586"}],"wp:featuredmedia":[{"embeddable":true,"href":"https:\/\/elluchador.info\/index.php?rest_route=\/wp\/v2\/media\/304585"}],"wp:attachment":[{"href":"https:\/\/elluchador.info\/index.php?rest_route=%2Fwp%2Fv2%2Fmedia&parent=304584"}],"wp:term":[{"taxonomy":"category","embeddable":true,"href":"https:\/\/elluchador.info\/index.php?rest_route=%2Fwp%2Fv2%2Fcategories&post=304584"},{"taxonomy":"post_tag","embeddable":true,"href":"https:\/\/elluchador.info\/index.php?rest_route=%2Fwp%2Fv2%2Ftags&post=304584"}],"curies":[{"name":"wp","href":"https:\/\/api.w.org\/{rel}","templated":true}]}}