{"id":304593,"date":"2026-03-10T15:48:00","date_gmt":"2026-03-10T19:48:00","guid":{"rendered":"https:\/\/elluchador.info\/?p=304593"},"modified":"2026-03-10T15:46:53","modified_gmt":"2026-03-10T19:46:53","slug":"botafogo-anuncia-el-fichaje-del-venezolano-nahuel-ferraresi","status":"publish","type":"post","link":"https:\/\/elluchador.info\/?p=304593","title":{"rendered":"Botafogo anuncia el fichaje del venezolano Nahuel Ferraresi"},"content":{"rendered":"\n<p>El Botafogo de Futebol e Regatas oficializ\u00f3 este martes la incorporaci\u00f3n del defensor central venezolano Nahuel Ferraresi, quien llega al club carioca en calidad de cedido procedente del S\u00e3o Paulo FC. El acuerdo vincula al zaguero con la instituci\u00f3n hasta finales de 2026, incluyendo una opci\u00f3n de compra valorada en aproximadamente seis millones de euros.<\/p>\n\n\n\n<p>\u200bA sus 27 a\u00f1os, el oriundo de San Crist\u00f3bal asume este reto con el objetivo de recuperar el protagonismo en el f\u00fatbol brasile\u00f1o. Tras una temporada 2025 de poca regularidad en el conjunto paulista, Ferraresi busca consolidarse en el esquema t\u00e1ctico de Mart\u00edn Anselmi, bajo cuya direcci\u00f3n t\u00e9cnica ya ha comenzado a trabajar tras superar con \u00e9xito los ex\u00e1menes m\u00e9dicos de rigor.<\/p>\n\n\n\n<p>\u200bEl defensor Vinotinto destaca por ser un central s\u00f3lido en los duelos individuales.<br>\u200bLectura de juego para liderar la l\u00ednea defensiva.<br>\u200bAunque su h\u00e1bitat natural es el centro de la defensa, cuenta con la capacidad de actuar como lateral derecho si el equipo lo requiere.<\/p>\n\n\n\n<p><strong>\u200bSabor venezolano en R\u00edo de Janeiro<\/strong><br>\u200bCon su llegada, Ferraresi se reencontrar\u00e1 con su compatriota Jefferson Savarino, fortaleciendo la presencia venezolana en el vestuario del \u00abFog\u00e3o\u00bb. Esta dupla de seleccionados nacionales ser\u00e1 clave para las aspiraciones del club en los compromisos nacionales e internacionales de la presente temporada.<\/p>\n\n\n\n<p>\u200bEl jugador ya se encuentra integrado a la din\u00e1mica del primer equipo en R\u00edo de Janeiro, participando activamente en los entrenamientos de preparaci\u00f3n para afrontar el calendario competitivo de 2026.<\/p>\n\n\n\n<p>\u200bCon informaci\u00f3n de <strong>agencias<\/strong><\/p>\n\n\n\n<p><\/p>\n","protected":false},"excerpt":{"rendered":"<p>El Botafogo de Futebol e Regatas oficializ\u00f3 este martes la incorporaci\u00f3n del defensor central venezolano Nahuel Ferraresi, quien llega al club carioca en calidad de cedido procedente del S\u00e3o Paulo FC. El acuerdo vincula al zaguero con la instituci\u00f3n hasta finales de 2026, incluyendo una opci\u00f3n de compra valorada en aproximadamente seis millones de euros. [&hellip;]<\/p>\n","protected":false},"author":38,"featured_media":304594,"comment_status":"closed","ping_status":"closed","sticky":false,"template":"","format":"standard","meta":{"footnotes":""},"categories":[4],"tags":[448,105],"class_list":{"0":"post-304593","1":"post","2":"type-post","3":"status-publish","4":"format-standard","5":"has-post-thumbnail","7":"category-deportes","8":"tag-mundo","9":"tag-venezuela"},"_links":{"self":[{"href":"https:\/\/elluchador.info\/index.php?rest_route=\/wp\/v2\/posts\/304593","targetHints":{"allow":["GET"]}}],"collection":[{"href":"https:\/\/elluchador.info\/index.php?rest_route=\/wp\/v2\/posts"}],"about":[{"href":"https:\/\/elluchador.info\/index.php?rest_route=\/wp\/v2\/types\/post"}],"author":[{"embeddable":true,"href":"https:\/\/elluchador.info\/index.php?rest_route=\/wp\/v2\/users\/38"}],"replies":[{"embeddable":true,"href":"https:\/\/elluchador.info\/index.php?rest_route=%2Fwp%2Fv2%2Fcomments&post=304593"}],"version-history":[{"count":1,"href":"https:\/\/elluchador.info\/index.php?rest_route=\/wp\/v2\/posts\/304593\/revisions"}],"predecessor-version":[{"id":304595,"href":"https:\/\/elluchador.info\/index.php?rest_route=\/wp\/v2\/posts\/304593\/revisions\/304595"}],"wp:featuredmedia":[{"embeddable":true,"href":"https:\/\/elluchador.info\/index.php?rest_route=\/wp\/v2\/media\/304594"}],"wp:attachment":[{"href":"https:\/\/elluchador.info\/index.php?rest_route=%2Fwp%2Fv2%2Fmedia&parent=304593"}],"wp:term":[{"taxonomy":"category","embeddable":true,"href":"https:\/\/elluchador.info\/index.php?rest_route=%2Fwp%2Fv2%2Fcategories&post=304593"},{"taxonomy":"post_tag","embeddable":true,"href":"https:\/\/elluchador.info\/index.php?rest_route=%2Fwp%2Fv2%2Ftags&post=304593"}],"curies":[{"name":"wp","href":"https:\/\/api.w.org\/{rel}","templated":true}]}}