{"id":304603,"date":"2026-03-10T18:00:00","date_gmt":"2026-03-10T22:00:00","guid":{"rendered":"https:\/\/elluchador.info\/?p=304603"},"modified":"2026-03-10T17:50:20","modified_gmt":"2026-03-10T21:50:20","slug":"anuncian-el-esclarecimiento-del-asesinato-del-periodista-walter-jaimes","status":"publish","type":"post","link":"https:\/\/elluchador.info\/?p=304603","title":{"rendered":"Anuncian el esclarecimiento del asesinato del periodista Walter Jaimes"},"content":{"rendered":"\n<p>Durante un acto de dotaci\u00f3n de los Cuadrantes de Paz en el estado M\u00e9rida, el ministro de Relaciones Interiores, Justicia y Paz, Diosdado Cabello, anunci\u00f3 este martes el esclarecimiento policial del asesinato del comunicador Walter Jaimes. El funcionario fue enf\u00e1tico al descartar cualquier vinculaci\u00f3n de organismos del Estado en el suceso.<\/p>\n\n\n\n<p>\u200bEl ministro detall\u00f3 que el caso fue resuelto en \u00abtiempo r\u00e9cord\u00bb gracias al despliegue t\u00e9cnico del Cuerpo de Investigaciones Cient\u00edficas, Penales y Criminal\u00edsticas (CICPC). Inform\u00f3 que los responsables materiales ya han sido capturados y puestos a la orden de los tribunales competentes.<\/p>\n\n\n\n<p>\u200b\u00abYo mand\u00e9 al jefe del CICPC para ac\u00e1 personalmente. Pueden decir lo que quieran, pero ese es el mejor cuerpo de investigaciones del mundo\u00bb, asever\u00f3 Cabello, destacando la rigurosidad de las experticias realizadas en la entidad andina.<\/p>\n\n\n\n<p>\u200bEl titular de la cartera de Interior y Justicia fustig\u00f3 duramente las versiones que circularon inicialmente en redes sociales y medios de comunicaci\u00f3n, las cuales responsabilizaban al Ejecutivo Nacional por la muerte del periodista.<br>\u200bM\u00f3vil del crimen: Seg\u00fan las autoridades, el suceso responde a causas estrictamente personales.<\/p>\n\n\n\n<p>\u200bPara finalizar, el ministro inst\u00f3 a los sectores y medios que difundieron acusaciones contra el Gobierno a rectificar sus declaraciones de manera p\u00fablica, una vez presentados los resultados de la investigaci\u00f3n criminal\u00edstica que cierran el caso desde el punto de vista policial.<br>\u200b<br>Con informaci\u00f3n de <strong>agencias<\/strong><\/p>\n","protected":false},"excerpt":{"rendered":"<p>Durante un acto de dotaci\u00f3n de los Cuadrantes de Paz en el estado M\u00e9rida, el ministro de Relaciones Interiores, Justicia y Paz, Diosdado Cabello, anunci\u00f3 este martes el esclarecimiento policial del asesinato del comunicador Walter Jaimes. El funcionario fue enf\u00e1tico al descartar cualquier vinculaci\u00f3n de organismos del Estado en el suceso. \u200bEl ministro detall\u00f3 que [&hellip;]<\/p>\n","protected":false},"author":38,"featured_media":304604,"comment_status":"closed","ping_status":"closed","sticky":false,"template":"","format":"standard","meta":{"footnotes":""},"categories":[13],"tags":[105],"class_list":{"0":"post-304603","1":"post","2":"type-post","3":"status-publish","4":"format-standard","5":"has-post-thumbnail","7":"category-sucesos","8":"tag-venezuela"},"_links":{"self":[{"href":"https:\/\/elluchador.info\/index.php?rest_route=\/wp\/v2\/posts\/304603","targetHints":{"allow":["GET"]}}],"collection":[{"href":"https:\/\/elluchador.info\/index.php?rest_route=\/wp\/v2\/posts"}],"about":[{"href":"https:\/\/elluchador.info\/index.php?rest_route=\/wp\/v2\/types\/post"}],"author":[{"embeddable":true,"href":"https:\/\/elluchador.info\/index.php?rest_route=\/wp\/v2\/users\/38"}],"replies":[{"embeddable":true,"href":"https:\/\/elluchador.info\/index.php?rest_route=%2Fwp%2Fv2%2Fcomments&post=304603"}],"version-history":[{"count":1,"href":"https:\/\/elluchador.info\/index.php?rest_route=\/wp\/v2\/posts\/304603\/revisions"}],"predecessor-version":[{"id":304605,"href":"https:\/\/elluchador.info\/index.php?rest_route=\/wp\/v2\/posts\/304603\/revisions\/304605"}],"wp:featuredmedia":[{"embeddable":true,"href":"https:\/\/elluchador.info\/index.php?rest_route=\/wp\/v2\/media\/304604"}],"wp:attachment":[{"href":"https:\/\/elluchador.info\/index.php?rest_route=%2Fwp%2Fv2%2Fmedia&parent=304603"}],"wp:term":[{"taxonomy":"category","embeddable":true,"href":"https:\/\/elluchador.info\/index.php?rest_route=%2Fwp%2Fv2%2Fcategories&post=304603"},{"taxonomy":"post_tag","embeddable":true,"href":"https:\/\/elluchador.info\/index.php?rest_route=%2Fwp%2Fv2%2Ftags&post=304603"}],"curies":[{"name":"wp","href":"https:\/\/api.w.org\/{rel}","templated":true}]}}