{"id":304612,"date":"2026-03-10T19:32:00","date_gmt":"2026-03-10T23:32:00","guid":{"rendered":"https:\/\/elluchador.info\/?p=304612"},"modified":"2026-03-10T19:29:18","modified_gmt":"2026-03-10T23:29:18","slug":"pontifice-leon-xiv-expresa-su-dolor-por-muerte-de-sacerdote-en-bombardeo-israeli-en-libano","status":"publish","type":"post","link":"https:\/\/elluchador.info\/?p=304612","title":{"rendered":"Pont\u00edfice Le\u00f3n XIV expresa su dolor por muerte de sacerdote en bombardeo israel\u00ed en L\u00edbano"},"content":{"rendered":"\n<p>La Oficina de Prensa de la Santa Sede ha difundido un comunicado en el que el Papa Le\u00f3n XIV expresa su profundo dolor tras el fallecimiento del Padre Pierre El-Rahi, p\u00e1rroco maronita de la aldea de Qlaya\u2019a, v\u00edctima de un bombardeo ocurrido este lunes 9 de marzo en el sur del L\u00edbano.<\/p>\n\n\n\n<p>\u200bEl Pont\u00edfice manifest\u00f3 su pesar no solo por el cl\u00e9rigo, sino por \u00ablos muchos inocentes, incluidos ni\u00f1os y quienes los auxiliaban\u00bb, que han perdido la vida en la reciente escalada de violencia en Medio Oriente. Seg\u00fan el mensaje vaticano, el Papa sigue los acontecimientos con extrema preocupaci\u00f3n y eleva oraciones por el fin inmediato de todas las hostilidades.<\/p>\n\n\n\n<p>\u200bEl tr\u00e1gico suceso ocurri\u00f3 mientras el Padre El-Rahi realizaba labores humanitarias. Seg\u00fan el relato del Padre Toufic Bou Merhi, franciscano de la Custodia de Tierra Santa, un primer ataque alcanz\u00f3 una vivienda cerca de la parroquia, hiriendo a un feligr\u00e9s.<\/p>\n\n\n\n<p>\u200b\u00bbEl P. Pierre corri\u00f3 con decenas de j\u00f3venes para ayudarlo. Fue entonces cuando ocurri\u00f3 otro bombardeo sobre la misma casa\u00bb, explic\u00f3 el P. Bou Merhi.<\/p>\n\n\n\n<p>\u200bA pesar de los esfuerzos por salvarlo, el sacerdote falleci\u00f3 poco despu\u00e9s de ser trasladado a un centro m\u00e9dico: \u00abMuri\u00f3 casi en la puerta del hospital\u00bb, confirm\u00f3 el franciscano a los medios vaticanos.<\/p>\n\n\n\n<p>\u200bLa muerte del p\u00e1rroco ha generado una ola de indignaci\u00f3n y preocupaci\u00f3n entre diversas organizaciones religiosas:<br>\u200bAyuda a la Iglesia Necesitada (ACN): La fundaci\u00f3n pontificia calific\u00f3 los informes provenientes de la zona como \u00abmuy inquietantes\u00bb y confirm\u00f3 la p\u00e9rdida del sacerdote en el ejercicio de su misi\u00f3n pastoral.<\/p>\n\n\n\n<p>\u200bL\u2019\u0152uvre d\u2019Orient: La organizaci\u00f3n cat\u00f3lica francesa conden\u00f3 con firmeza el ataque y advirti\u00f3 sobre el riesgo creciente que enfrenta la poblaci\u00f3n civil en el L\u00edbano ante la intensificaci\u00f3n de los bombardeos.<\/p>\n\n\n\n<p>\u200bEste suceso subraya la vulnerabilidad de los trabajadores religiosos y civiles en la zona de conflicto, mientras la Santa Sede reitera su llamado a la paz y al respeto de la vida humana.<br>\u200b<br>Con informaci\u00f3n de <strong>agencias<\/strong><\/p>\n\n\n\n<p><\/p>\n","protected":false},"excerpt":{"rendered":"<p>La Oficina de Prensa de la Santa Sede ha difundido un comunicado en el que el Papa Le\u00f3n XIV expresa su profundo dolor tras el fallecimiento del Padre Pierre El-Rahi, p\u00e1rroco maronita de la aldea de Qlaya\u2019a, v\u00edctima de un bombardeo ocurrido este lunes 9 de marzo en el sur del L\u00edbano. \u200bEl Pont\u00edfice manifest\u00f3 [&hellip;]<\/p>\n","protected":false},"author":38,"featured_media":304613,"comment_status":"closed","ping_status":"closed","sticky":false,"template":"","format":"standard","meta":{"footnotes":""},"categories":[8],"tags":[448],"class_list":{"0":"post-304612","1":"post","2":"type-post","3":"status-publish","4":"format-standard","5":"has-post-thumbnail","7":"category-internacionales","8":"tag-mundo"},"_links":{"self":[{"href":"https:\/\/elluchador.info\/index.php?rest_route=\/wp\/v2\/posts\/304612","targetHints":{"allow":["GET"]}}],"collection":[{"href":"https:\/\/elluchador.info\/index.php?rest_route=\/wp\/v2\/posts"}],"about":[{"href":"https:\/\/elluchador.info\/index.php?rest_route=\/wp\/v2\/types\/post"}],"author":[{"embeddable":true,"href":"https:\/\/elluchador.info\/index.php?rest_route=\/wp\/v2\/users\/38"}],"replies":[{"embeddable":true,"href":"https:\/\/elluchador.info\/index.php?rest_route=%2Fwp%2Fv2%2Fcomments&post=304612"}],"version-history":[{"count":1,"href":"https:\/\/elluchador.info\/index.php?rest_route=\/wp\/v2\/posts\/304612\/revisions"}],"predecessor-version":[{"id":304614,"href":"https:\/\/elluchador.info\/index.php?rest_route=\/wp\/v2\/posts\/304612\/revisions\/304614"}],"wp:featuredmedia":[{"embeddable":true,"href":"https:\/\/elluchador.info\/index.php?rest_route=\/wp\/v2\/media\/304613"}],"wp:attachment":[{"href":"https:\/\/elluchador.info\/index.php?rest_route=%2Fwp%2Fv2%2Fmedia&parent=304612"}],"wp:term":[{"taxonomy":"category","embeddable":true,"href":"https:\/\/elluchador.info\/index.php?rest_route=%2Fwp%2Fv2%2Fcategories&post=304612"},{"taxonomy":"post_tag","embeddable":true,"href":"https:\/\/elluchador.info\/index.php?rest_route=%2Fwp%2Fv2%2Ftags&post=304612"}],"curies":[{"name":"wp","href":"https:\/\/api.w.org\/{rel}","templated":true}]}}