{"id":304636,"date":"2026-03-11T10:02:39","date_gmt":"2026-03-11T14:02:39","guid":{"rendered":"https:\/\/elluchador.info\/?p=304636"},"modified":"2026-03-11T10:02:42","modified_gmt":"2026-03-11T14:02:42","slug":"la-seleccion-de-futbol-de-iran-no-participara-en-el-mundial-2026","status":"publish","type":"post","link":"https:\/\/elluchador.info\/?p=304636","title":{"rendered":"La selecci\u00f3n de f\u00fatbol de Ir\u00e1n no participar\u00e1 en el Mundial 2026"},"content":{"rendered":"\n<p><em>\u00abDespu\u00e9s de que el Gobierno corrupto mat\u00f3 a nuestro l\u00edder, no hay condiciones que nos permitan participar en el Mundial\u00bb<\/em>, dijo el ministro a la televisi\u00f3n estatal iran\u00ed, al referirse a los ataques de Estados Unidos e Israel del pasado 28 de febrero, en los que falleci\u00f3 el entonces l\u00edder supremo de Ir\u00e1n, el ayatol\u00e1 Al\u00ed Jamenei.<\/p>\n\n\n\n<p><em>\u00abConsiderando las acciones maliciosas llevadas a cabo contra Ir\u00e1n, nos han impuesto dos guerras en ocho o nueve meses, y miles de nuestros ciudadanos han muerto. Por lo tanto, definitivamente no tenemos posibilidad de tal participaci\u00f3n\u201d<\/em>, agreg\u00f3.<\/p>\n\n\n\n<p>Estas declaraciones se conocieron mientras la selecci\u00f3n femenina de f\u00fatbol iran\u00ed se encuentra en Malasia, de camino a Iran, despu\u00e9s de que seis integrantes optaran por quedarse asiladas en Australia, a ra\u00edz de la pol\u00e9mica surgida al no cantar el himno nacional antes de un partido de la Copa de Asia, en plena guerra en Ir\u00e1n.<\/p>\n\n\n\n<p><strong>Infantino y Trump aseguraron garant\u00eda a la partipaci\u00f3n iran\u00ed<\/strong><\/p>\n\n\n\n<p>Horas antes, durante un encuentro del presidente de la FIFA, Gianni Infantino, con el presidente estadounidense, Donald Trump, este hab\u00eda garantizado que la selecci\u00f3n persa no tendr\u00eda problemas para participar en el Mundial. \u00abEsta tarde, me reun\u00ed con el presidente de los Estados Unidos, Donald J. Trump, para hablar del estado de los preparativos para la pr\u00f3xima Copa del Mundo de la FIFA, y la creciente emoci\u00f3n a medida que se acerca el comienzo en solo 93 d\u00edas\u201d, public\u00f3 Infantino en su cuenta de Instagram.<\/p>\n\n\n\n<p>\u00abTambi\u00e9n hablamos sobre la actual situaci\u00f3n en Ir\u00e1n, y el hecho de que el equipo iran\u00ed se haya clasificado para participar en la Copa del Mundo de la FIFA 2026. Durante la conversaci\u00f3n, el presidente Trump reiter\u00f3 que el equipo iran\u00ed es, por supuesto, bienvenido a competir en el torneo en los Estados Unidos\u00bb, continu\u00f3.<\/p>\n\n\n\n<p>El Mundial 2026 se disputar\u00e1 en M\u00e9xico, Canad\u00e1 y Estados Unidos desde el pr\u00f3ximo 11 de junio. La selecci\u00f3n iran\u00ed deb\u00eda jugar sus tres partidos en Estados Unidos; el 15 y el 21 de junio, en Los \u00c1ngeles contra Nueva Zelanda y B\u00e9lgica, respectivamente; y el 26 de junio ante Egipto, en Seattle.<\/p>\n\n\n\n<p><strong>La retirada le costar\u00eda a Ir\u00e1n sanciones econ\u00f3micas y deportivas<\/strong><\/p>\n\n\n\n<p>El reglamento de competici\u00f3n del Mundial 2026 prev\u00e9 una posible retirada de una selecci\u00f3n en su art\u00edculo 6:<\/p>\n\n\n\n<ul class=\"wp-block-list\">\n<li>Si anuncia su retirada con m\u00e1s de 30 d\u00edas de antelaci\u00f3n al comienzo del torneo, el pr\u00f3ximo 11 de junio, la Comisi\u00f3n Disciplinar\u00eda le impondr\u00eda a la Federaci\u00f3n Iran\u00ed una multa, como m\u00ednimo, de 250.000 francos suizos (323.730,60 d\u00f3lares).<\/li>\n\n\n\n<li>Si renuncia con menos de 30 d\u00edas de antelaci\u00f3n. La multa ser\u00e1 como m\u00ednimo de 500.000 francos suizos (647.712 d\u00f3lares).<\/li>\n<\/ul>\n\n\n\n<p>Adem\u00e1s, la Federaci\u00f3n Iran\u00ed deber\u00eda reembolsar todos los fondos recibidos de la FIFA para la preparaci\u00f3n de su selecci\u00f3n, as\u00ed como los pagos de contribuciones relacionadas con la competici\u00f3n que hayan recibido de la Federaci\u00f3n Internacional.<\/p>\n\n\n\n<p>Con informaci\u00f3n<strong><em> Agencias.-<\/em><\/strong><\/p>\n","protected":false},"excerpt":{"rendered":"<p>\u00abDespu\u00e9s de que el Gobierno corrupto mat\u00f3 a nuestro l\u00edder, no hay condiciones que nos permitan participar en el Mundial\u00bb, dijo el ministro a la televisi\u00f3n estatal iran\u00ed, al referirse a los ataques de Estados Unidos e Israel del pasado 28 de febrero, en los que falleci\u00f3 el entonces l\u00edder supremo de Ir\u00e1n, el ayatol\u00e1 [&hellip;]<\/p>\n","protected":false},"author":33,"featured_media":304637,"comment_status":"closed","ping_status":"closed","sticky":false,"template":"","format":"standard","meta":{"footnotes":""},"categories":[4],"tags":[186,1108],"class_list":{"0":"post-304636","1":"post","2":"type-post","3":"status-publish","4":"format-standard","5":"has-post-thumbnail","7":"category-deportes","8":"tag-iran","9":"tag-mundial"},"_links":{"self":[{"href":"https:\/\/elluchador.info\/index.php?rest_route=\/wp\/v2\/posts\/304636","targetHints":{"allow":["GET"]}}],"collection":[{"href":"https:\/\/elluchador.info\/index.php?rest_route=\/wp\/v2\/posts"}],"about":[{"href":"https:\/\/elluchador.info\/index.php?rest_route=\/wp\/v2\/types\/post"}],"author":[{"embeddable":true,"href":"https:\/\/elluchador.info\/index.php?rest_route=\/wp\/v2\/users\/33"}],"replies":[{"embeddable":true,"href":"https:\/\/elluchador.info\/index.php?rest_route=%2Fwp%2Fv2%2Fcomments&post=304636"}],"version-history":[{"count":1,"href":"https:\/\/elluchador.info\/index.php?rest_route=\/wp\/v2\/posts\/304636\/revisions"}],"predecessor-version":[{"id":304638,"href":"https:\/\/elluchador.info\/index.php?rest_route=\/wp\/v2\/posts\/304636\/revisions\/304638"}],"wp:featuredmedia":[{"embeddable":true,"href":"https:\/\/elluchador.info\/index.php?rest_route=\/wp\/v2\/media\/304637"}],"wp:attachment":[{"href":"https:\/\/elluchador.info\/index.php?rest_route=%2Fwp%2Fv2%2Fmedia&parent=304636"}],"wp:term":[{"taxonomy":"category","embeddable":true,"href":"https:\/\/elluchador.info\/index.php?rest_route=%2Fwp%2Fv2%2Fcategories&post=304636"},{"taxonomy":"post_tag","embeddable":true,"href":"https:\/\/elluchador.info\/index.php?rest_route=%2Fwp%2Fv2%2Ftags&post=304636"}],"curies":[{"name":"wp","href":"https:\/\/api.w.org\/{rel}","templated":true}]}}