{"id":304645,"date":"2026-03-11T10:40:09","date_gmt":"2026-03-11T14:40:09","guid":{"rendered":"https:\/\/elluchador.info\/?p=304645"},"modified":"2026-03-11T10:40:16","modified_gmt":"2026-03-11T14:40:16","slug":"ministerio-de-salud-confirmo-que-en-2025-se-produjeron-muertes-por-fiebre-amarilla","status":"publish","type":"post","link":"https:\/\/elluchador.info\/?p=304645","title":{"rendered":"Ministerio de Salud confirm\u00f3 que en 2025 se produjeron muertes por fiebre amarilla"},"content":{"rendered":"\n<p>La ministra de Salud Nuramy Guti\u00e9rrez confirm\u00f3 que, durante 2025, se registraron muertes en Venezuela por fiebre amarilla, aunque prefiri\u00f3 no precisar la cifra para evitar que haya \u201cp\u00e1nico\u201d en la poblaci\u00f3n.<\/p>\n\n\n\n<p>\u201cEl a\u00f1o pasado tuvimos algunos decesos por fiebre amarilla, pero insisto, si esos datos nosotros los damos de esa manera, generamos p\u00e1nico y alerta y no tiene ning\u00fan sentido\u201d, se\u00f1al\u00f3 la titular de la cartera de salud en una entrevista para el canal estatal Venezolana de Televisi\u00f3n (VTV) el 10 de marzo.<\/p>\n\n\n\n<p>Asimismo, Guti\u00e9rrez revel\u00f3 que en lo que va de a\u00f1o se han registrado siete casos positivos, motivo por el cual insisti\u00f3 en la necesidad de enfocarse en la prevenci\u00f3n de la enfermedad.<\/p>\n\n\n\n<p>La ministra asegur\u00f3 que Venezuela enfrenta una alerta epidemiol\u00f3gica por fiebre amarilla, por lo que las autoridades tienen como objetivo alcanzar un nivel de vacunaci\u00f3n del 95 % de toda la poblaci\u00f3n.<\/p>\n\n\n\n<p>En ese sentido, se\u00f1al\u00f3 que alrededor de 49 mil personas han sido inmunizadas recientemente, cifra que se suma a los tres millones de venezolanos ya vacunados en la \u00faltima d\u00e9cada.<\/p>\n\n\n\n<p>Adem\u00e1s, anunci\u00f3 que se eval\u00faa instalar puntos de vacunaci\u00f3n en aeropuertos internacionales del pa\u00eds en caso de que aumente la afluencia de turistas.<\/p>\n\n\n\n<p><strong>Campa\u00f1a de vacunaci\u00f3n<\/strong><\/p>\n\n\n\n<p>El 27 de febrero, la vicepresidenta sectorial de Ciencia, Tecnolog\u00eda, Ecosocialismo y Salud, Isabel Iturria, indic\u00f3 que desde junio de 2025 hasta ese momento, se hab\u00edan confirmado 36 casos de fiebre amarilla.<\/p>\n\n\n\n<p>Este registro, en su mayor\u00eda correspondiente a personas con edades entre los 10 y 49 a\u00f1os, represent\u00f3 un incremento de casos en el pa\u00eds.<\/p>\n\n\n\n<p>Iturria agreg\u00f3 que en la actual campa\u00f1a de vacunaci\u00f3n se priorizaron 22 parroquias de los estados Aragua, Lara, Portuguesa y Barinas, donde ha habido el mayor n\u00famero de casos positivos.<\/p>\n\n\n\n<p>El 2 de marzo, el ministerio de Salud anunci\u00f3 que se exigir\u00e1 a las personas que viajen a esas cuatro regiones la vacuna contra la fiebre amarilla con, al menos, 10 d\u00edas de antelaci\u00f3n debido al brote de la enfermedad.<\/p>\n\n\n\n<p>De acuerdo con una nota oficial del ente, el requisito se aplicar\u00e1 a quienes planeen visitar durante la pr\u00f3xima Semana Santa esos estados, y tambi\u00e9n instaron a usar ropa de manga larga y repelente en zonas boscosas para prevenir picaduras.<\/p>\n\n\n\n<p>Por otra parte, la ministra de Salud asegur\u00f3 que el gobierno est\u00e1 adquiriendo nuevas dosis de vacunas para atender el brote de fiebre amarilla en el pa\u00eds.<\/p>\n\n\n\n<p>En el \u00faltimo a\u00f1o, Venezuela ha recibido donaciones de inmunizaciones contra la fiebre amarilla, polio, de pentavalente, SRP, PCV10 y rotavirus provenientes de pa\u00edses como India, Corea del Sur, Rusia, Brasil y otros.<\/p>\n\n\n\n<p>Con informaci\u00f3n <strong><em>ElDiario.com<\/em><\/strong><\/p>\n","protected":false},"excerpt":{"rendered":"<p>La ministra de Salud Nuramy Guti\u00e9rrez confirm\u00f3 que, durante 2025, se registraron muertes en Venezuela por fiebre amarilla, aunque prefiri\u00f3 no precisar la cifra para evitar que haya \u201cp\u00e1nico\u201d en la poblaci\u00f3n. \u201cEl a\u00f1o pasado tuvimos algunos decesos por fiebre amarilla, pero insisto, si esos datos nosotros los damos de esa manera, generamos p\u00e1nico y [&hellip;]<\/p>\n","protected":false},"author":33,"featured_media":304646,"comment_status":"closed","ping_status":"closed","sticky":false,"template":"","format":"standard","meta":{"footnotes":""},"categories":[5,9],"tags":[306,3541,131],"class_list":{"0":"post-304645","1":"post","2":"type-post","3":"status-publish","4":"format-standard","5":"has-post-thumbnail","7":"category-destacado","8":"category-nacionales","9":"tag-ciudad-bolivar","10":"tag-fiebre-amarilla","11":"tag-salud"},"_links":{"self":[{"href":"https:\/\/elluchador.info\/index.php?rest_route=\/wp\/v2\/posts\/304645","targetHints":{"allow":["GET"]}}],"collection":[{"href":"https:\/\/elluchador.info\/index.php?rest_route=\/wp\/v2\/posts"}],"about":[{"href":"https:\/\/elluchador.info\/index.php?rest_route=\/wp\/v2\/types\/post"}],"author":[{"embeddable":true,"href":"https:\/\/elluchador.info\/index.php?rest_route=\/wp\/v2\/users\/33"}],"replies":[{"embeddable":true,"href":"https:\/\/elluchador.info\/index.php?rest_route=%2Fwp%2Fv2%2Fcomments&post=304645"}],"version-history":[{"count":1,"href":"https:\/\/elluchador.info\/index.php?rest_route=\/wp\/v2\/posts\/304645\/revisions"}],"predecessor-version":[{"id":304647,"href":"https:\/\/elluchador.info\/index.php?rest_route=\/wp\/v2\/posts\/304645\/revisions\/304647"}],"wp:featuredmedia":[{"embeddable":true,"href":"https:\/\/elluchador.info\/index.php?rest_route=\/wp\/v2\/media\/304646"}],"wp:attachment":[{"href":"https:\/\/elluchador.info\/index.php?rest_route=%2Fwp%2Fv2%2Fmedia&parent=304645"}],"wp:term":[{"taxonomy":"category","embeddable":true,"href":"https:\/\/elluchador.info\/index.php?rest_route=%2Fwp%2Fv2%2Fcategories&post=304645"},{"taxonomy":"post_tag","embeddable":true,"href":"https:\/\/elluchador.info\/index.php?rest_route=%2Fwp%2Fv2%2Ftags&post=304645"}],"curies":[{"name":"wp","href":"https:\/\/api.w.org\/{rel}","templated":true}]}}