{"id":304660,"date":"2026-03-11T11:51:24","date_gmt":"2026-03-11T15:51:24","guid":{"rendered":"https:\/\/elluchador.info\/?p=304660"},"modified":"2026-03-11T11:51:27","modified_gmt":"2026-03-11T15:51:27","slug":"espana-remueve-a-su-embajadora-en-israel","status":"publish","type":"post","link":"https:\/\/elluchador.info\/?p=304660","title":{"rendered":"Espa\u00f1a remueve a su embajadora en Israel"},"content":{"rendered":"\n<p>El Gobierno de Espa\u00f1a ha procedido al cese de su embajadora en Israel, Ana S\u00e1lomon, que fue llamada a consultas el pasado mes de septiembre, por lo que el pa\u00eds deber\u00e1 designar un nuevo jefe de misi\u00f3n cuando desee recuperar la representaci\u00f3n a ese nivel en el pa\u00eds hebreo.<\/p>\n\n\n\n<p>El cese de S\u00e1lomon ha sido publicado este mi\u00e9rcoles en el Bolet\u00edn Oficial del Estado (BOE), a propuesta del ministro de Asuntos Exteriores, Uni\u00f3n Europea y Cooperaci\u00f3n espa\u00f1ol, Jos\u00e9 Manuel Albares y tras la deliberaci\u00f3n del Consejo de Ministros del martes.<\/p>\n\n\n\n<p>La diplom\u00e1tica lleg\u00f3 al cargo en julio de 2021 y fue llamada a consultas el pasado 8 de septiembre, en reacci\u00f3n a las acusaciones de antisemitismo hacia Espa\u00f1a y a las medidas de Tel Aviv en contra de la ministra de Trabajo, Yolanda D\u00edaz, y de la titular de Infancia y Juventud, Sira Rego.<\/p>\n\n\n\n<p>El primer ministro israel\u00ed, Benjamin Netanyahu, reaccion\u00f3 contra Espa\u00f1a despu\u00e9s de las nueve medidas anunciadas por el presidente espa\u00f1ol, Pedro S\u00e1nchez, para frenar el \u00abgenocidio\u00bb en la Franja de Gaza, perseguir a sus ejecutores y apoyar al pueblo palestino.<\/p>\n\n\n\n<p>Con informaci\u00f3n <strong><em>Agencias.-<\/em><\/strong><\/p>\n","protected":false},"excerpt":{"rendered":"<p>El Gobierno de Espa\u00f1a ha procedido al cese de su embajadora en Israel, Ana S\u00e1lomon, que fue llamada a consultas el pasado mes de septiembre, por lo que el pa\u00eds deber\u00e1 designar un nuevo jefe de misi\u00f3n cuando desee recuperar la representaci\u00f3n a ese nivel en el pa\u00eds hebreo. El cese de S\u00e1lomon ha sido [&hellip;]<\/p>\n","protected":false},"author":33,"featured_media":304661,"comment_status":"closed","ping_status":"closed","sticky":false,"template":"","format":"standard","meta":{"footnotes":""},"categories":[8],"tags":[592,1540],"class_list":{"0":"post-304660","1":"post","2":"type-post","3":"status-publish","4":"format-standard","5":"has-post-thumbnail","8":"tag-espana","9":"tag-israel"},"_links":{"self":[{"href":"https:\/\/elluchador.info\/index.php?rest_route=\/wp\/v2\/posts\/304660","targetHints":{"allow":["GET"]}}],"collection":[{"href":"https:\/\/elluchador.info\/index.php?rest_route=\/wp\/v2\/posts"}],"about":[{"href":"https:\/\/elluchador.info\/index.php?rest_route=\/wp\/v2\/types\/post"}],"author":[{"embeddable":true,"href":"https:\/\/elluchador.info\/index.php?rest_route=\/wp\/v2\/users\/33"}],"replies":[{"embeddable":true,"href":"https:\/\/elluchador.info\/index.php?rest_route=%2Fwp%2Fv2%2Fcomments&post=304660"}],"version-history":[{"count":1,"href":"https:\/\/elluchador.info\/index.php?rest_route=\/wp\/v2\/posts\/304660\/revisions"}],"predecessor-version":[{"id":304662,"href":"https:\/\/elluchador.info\/index.php?rest_route=\/wp\/v2\/posts\/304660\/revisions\/304662"}],"wp:featuredmedia":[{"embeddable":true,"href":"https:\/\/elluchador.info\/index.php?rest_route=\/wp\/v2\/media\/304661"}],"wp:attachment":[{"href":"https:\/\/elluchador.info\/index.php?rest_route=%2Fwp%2Fv2%2Fmedia&parent=304660"}],"wp:term":[{"taxonomy":"category","embeddable":true,"href":"https:\/\/elluchador.info\/index.php?rest_route=%2Fwp%2Fv2%2Fcategories&post=304660"},{"taxonomy":"post_tag","embeddable":true,"href":"https:\/\/elluchador.info\/index.php?rest_route=%2Fwp%2Fv2%2Ftags&post=304660"}],"curies":[{"name":"wp","href":"https:\/\/api.w.org\/{rel}","templated":true}]}}