{"id":304670,"date":"2026-03-11T14:24:48","date_gmt":"2026-03-11T18:24:48","guid":{"rendered":"https:\/\/elluchador.info\/?p=304670"},"modified":"2026-03-11T14:24:52","modified_gmt":"2026-03-11T18:24:52","slug":"jose-antonio-kast-asume-como-nuevo-presidente-de-chile","status":"publish","type":"post","link":"https:\/\/elluchador.info\/?p=304670","title":{"rendered":"Jos\u00e9 Antonio Kast asume como nuevo presidente de Chile"},"content":{"rendered":"\n<p>El ultraderechista Jos\u00e9 Antonio Kast, asumi\u00f3 este mi\u00e9rcoles 11 de marzo, la Presidencia de Chile en una solemne ceremonia en la ciudad costera de Valpara\u00edso, a la que acudieron parlamentarios de todos los partidos y una docena de jefes de Estado y de Gobierno de todo el mundo, entre ellos el rey Felipe VI de Espa\u00f1a y el presidente argentino, Javier Milei.<\/p>\n\n\n\n<p>\u00abS\u00ed, juro\u00bb, dijo Kast, que con 60 a\u00f1os se convierte en el primer presidente de extrema derecha en llegar al poder desde el retorno a la democracia.<\/p>\n\n\n\n<p>En el Sal\u00f3n de Honor del Senado, la nueva presidenta de la C\u00e1mara Alta, la conservadora Paulina N\u00fa\u00f1ez, le impuso la banda presidencial y la medalla de O&#8217;Higgins a Kast, que sucede al progresista Gabriel Boric.<\/p>\n\n\n\n<p>Es de recordar que, Kast, result\u00f3 electo en diciembre pasado en su tercer intento de postularse para el cargo.<\/p>\n\n\n\n<p>El ultraderechista, fundador del Partido Republicano, prometi\u00f3 que su gesti\u00f3n se enfocar\u00eda en atender temas como seguridad, migraci\u00f3n irregular y econom\u00eda.<\/p>\n\n\n\n<p>Con informaci\u00f3n <strong>Agencias.-<\/strong><\/p>\n","protected":false},"excerpt":{"rendered":"<p>El ultraderechista Jos\u00e9 Antonio Kast, asumi\u00f3 este mi\u00e9rcoles 11 de marzo, la Presidencia de Chile en una solemne ceremonia en la ciudad costera de Valpara\u00edso, a la que acudieron parlamentarios de todos los partidos y una docena de jefes de Estado y de Gobierno de todo el mundo, entre ellos el rey Felipe VI de [&hellip;]<\/p>\n","protected":false},"author":33,"featured_media":304671,"comment_status":"closed","ping_status":"closed","sticky":false,"template":"","format":"standard","meta":{"footnotes":""},"categories":[8],"tags":[371,6090,842],"class_list":{"0":"post-304670","1":"post","2":"type-post","3":"status-publish","4":"format-standard","5":"has-post-thumbnail","7":"category-internacionales","8":"tag-chile","9":"tag-kast","10":"tag-presidente"},"_links":{"self":[{"href":"https:\/\/elluchador.info\/index.php?rest_route=\/wp\/v2\/posts\/304670","targetHints":{"allow":["GET"]}}],"collection":[{"href":"https:\/\/elluchador.info\/index.php?rest_route=\/wp\/v2\/posts"}],"about":[{"href":"https:\/\/elluchador.info\/index.php?rest_route=\/wp\/v2\/types\/post"}],"author":[{"embeddable":true,"href":"https:\/\/elluchador.info\/index.php?rest_route=\/wp\/v2\/users\/33"}],"replies":[{"embeddable":true,"href":"https:\/\/elluchador.info\/index.php?rest_route=%2Fwp%2Fv2%2Fcomments&post=304670"}],"version-history":[{"count":1,"href":"https:\/\/elluchador.info\/index.php?rest_route=\/wp\/v2\/posts\/304670\/revisions"}],"predecessor-version":[{"id":304672,"href":"https:\/\/elluchador.info\/index.php?rest_route=\/wp\/v2\/posts\/304670\/revisions\/304672"}],"wp:featuredmedia":[{"embeddable":true,"href":"https:\/\/elluchador.info\/index.php?rest_route=\/wp\/v2\/media\/304671"}],"wp:attachment":[{"href":"https:\/\/elluchador.info\/index.php?rest_route=%2Fwp%2Fv2%2Fmedia&parent=304670"}],"wp:term":[{"taxonomy":"category","embeddable":true,"href":"https:\/\/elluchador.info\/index.php?rest_route=%2Fwp%2Fv2%2Fcategories&post=304670"},{"taxonomy":"post_tag","embeddable":true,"href":"https:\/\/elluchador.info\/index.php?rest_route=%2Fwp%2Fv2%2Ftags&post=304670"}],"curies":[{"name":"wp","href":"https:\/\/api.w.org\/{rel}","templated":true}]}}