{"id":304728,"date":"2026-03-12T08:38:00","date_gmt":"2026-03-12T12:38:00","guid":{"rendered":"https:\/\/elluchador.info\/?p=304728"},"modified":"2026-03-11T23:49:43","modified_gmt":"2026-03-12T03:49:43","slug":"iran-anuncia-su-renuncia-a-la-copa-mundial-2026","status":"publish","type":"post","link":"https:\/\/elluchador.info\/?p=304728","title":{"rendered":"Ir\u00e1n anuncia su renuncia a la Copa Mundial 2026"},"content":{"rendered":"\n<p>En un anuncio que sacude el tablero del f\u00fatbol internacional a menos de tres meses del pitazo inicial, el gobierno de Ir\u00e1n ha confirmado este mi\u00e9rcoles que su selecci\u00f3n nacional no participar\u00e1 en la Copa Mundial de la FIFA 2026.<\/p>\n\n\n\n<p>\u200bEl ministro de Deportes de Ir\u00e1n, Ahmad Doyanmali, fue el encargado de comunicar la decisi\u00f3n definitiva, argumentando que \u00ablas condiciones no estaban dadas para la competencia\u00bb. Con esta declaraci\u00f3n, se cierra un ciclo de incertidumbre que hab\u00eda comenzado semanas atr\u00e1s, cuando el presidente de la Federaci\u00f3n de F\u00fatbol de Ir\u00e1n, Mehdi Taj, asom\u00f3 p\u00fablicamente la posibilidad de ausentarse de la cita mundialista.<\/p>\n\n\n\n<p>\u200bLa selecci\u00f3n iran\u00ed estaba encuadrada en el Grupo G, con una hoja de ruta definida \u00edntegramente en territorio estadounidense. El retiro deja vacantes los siguientes encuentros programados:<br>\u200b15 de junio: vs. Nueva Zelanda (Los \u00c1ngeles)<br>\u200b21 de junio: vs. B\u00e9lgica (Los \u00c1ngeles)<br>\u200b26 de junio: vs. Egipto (Seattle)<br>\u200b<br>\u200bDe acuerdo con el reglamento vigente de la FIFA para la Copa del Mundo, la federaci\u00f3n iran\u00ed se enfrenta ahora a severas repercusiones. Adem\u00e1s de una multa econ\u00f3mica considerable, el organismo exigir\u00e1 la devoluci\u00f3n de la totalidad de los recursos financieros otorgados previamente para la log\u00edstica y preparaci\u00f3n del equipo.<\/p>\n\n\n\n<p>\u200bPor su parte, el organismo dirigido por Gianni Infantino deber\u00e1 actuar contra reloj. Se espera que en los pr\u00f3ximos d\u00edas la FIFA anuncie qu\u00e9 selecci\u00f3n tomar\u00e1 el lugar de Ir\u00e1n en el Grupo G para mantener la integridad del torneo que se desarrollar\u00e1 en Estados Unidos, M\u00e9xico y Canad\u00e1.<br>\u200b<br>Con informaci\u00f3n de <strong>agencias<\/strong><\/p>\n\n\n\n<p style=\"margin-bottom:-9px\"><\/p>\n\n\n\n<p><\/p>\n","protected":false},"excerpt":{"rendered":"<p>En un anuncio que sacude el tablero del f\u00fatbol internacional a menos de tres meses del pitazo inicial, el gobierno de Ir\u00e1n ha confirmado este mi\u00e9rcoles que su selecci\u00f3n nacional no participar\u00e1 en la Copa Mundial de la FIFA 2026. \u200bEl ministro de Deportes de Ir\u00e1n, Ahmad Doyanmali, fue el encargado de comunicar la decisi\u00f3n [&hellip;]<\/p>\n","protected":false},"author":38,"featured_media":304729,"comment_status":"closed","ping_status":"closed","sticky":false,"template":"","format":"standard","meta":{"footnotes":""},"categories":[4],"tags":[448],"class_list":{"0":"post-304728","1":"post","2":"type-post","3":"status-publish","4":"format-standard","5":"has-post-thumbnail","7":"category-deportes","8":"tag-mundo"},"_links":{"self":[{"href":"https:\/\/elluchador.info\/index.php?rest_route=\/wp\/v2\/posts\/304728","targetHints":{"allow":["GET"]}}],"collection":[{"href":"https:\/\/elluchador.info\/index.php?rest_route=\/wp\/v2\/posts"}],"about":[{"href":"https:\/\/elluchador.info\/index.php?rest_route=\/wp\/v2\/types\/post"}],"author":[{"embeddable":true,"href":"https:\/\/elluchador.info\/index.php?rest_route=\/wp\/v2\/users\/38"}],"replies":[{"embeddable":true,"href":"https:\/\/elluchador.info\/index.php?rest_route=%2Fwp%2Fv2%2Fcomments&post=304728"}],"version-history":[{"count":1,"href":"https:\/\/elluchador.info\/index.php?rest_route=\/wp\/v2\/posts\/304728\/revisions"}],"predecessor-version":[{"id":304730,"href":"https:\/\/elluchador.info\/index.php?rest_route=\/wp\/v2\/posts\/304728\/revisions\/304730"}],"wp:featuredmedia":[{"embeddable":true,"href":"https:\/\/elluchador.info\/index.php?rest_route=\/wp\/v2\/media\/304729"}],"wp:attachment":[{"href":"https:\/\/elluchador.info\/index.php?rest_route=%2Fwp%2Fv2%2Fmedia&parent=304728"}],"wp:term":[{"taxonomy":"category","embeddable":true,"href":"https:\/\/elluchador.info\/index.php?rest_route=%2Fwp%2Fv2%2Fcategories&post=304728"},{"taxonomy":"post_tag","embeddable":true,"href":"https:\/\/elluchador.info\/index.php?rest_route=%2Fwp%2Fv2%2Ftags&post=304728"}],"curies":[{"name":"wp","href":"https:\/\/api.w.org\/{rel}","templated":true}]}}