{"id":304734,"date":"2026-03-12T09:07:00","date_gmt":"2026-03-12T13:07:00","guid":{"rendered":"https:\/\/elluchador.info\/?p=304734"},"modified":"2026-03-12T09:06:06","modified_gmt":"2026-03-12T13:06:06","slug":"nina-fallece-tras-ser-arrollada-accidentalmente-por-su-padre-en-ciudad-bolivar","status":"publish","type":"post","link":"https:\/\/elluchador.info\/?p=304734","title":{"rendered":"Ni\u00f1a fallece tras ser arrollada accidentalmente por su padre en Ciudad Bol\u00edvar"},"content":{"rendered":"\n<p>Una profunda tragedia enluta a la comunidad del sector Parque del Sur, en la parroquia La Sabanita, tras confirmarse el fallecimiento de una menor de cuatro a\u00f1os de edad en un lamentable accidente ocurrido el pasado mi\u00e9rcoles 11 de marzo.<br>\u200b<br>\u200bEl hecho se registr\u00f3 en horas de la tarde, cuando el ciudadano Carlos Alcocer, padre de la menor, se dispon\u00eda a retirar su camioneta del estacionamiento de su residencia. Seg\u00fan los reportes preliminares, Alcocer, inici\u00f3 la maniobra de retroceso sin percatarse de que la ni\u00f1a se encontraba detr\u00e1s del veh\u00edculo, impact\u00e1ndola de manera accidental.<\/p>\n\n\n\n<p>\u200bTras el suceso, los padres trasladaron de inmediato a la peque\u00f1a en un veh\u00edculo particular hasta la emergencia del Complejo Hospitalario Universitario Ruiz y P\u00e1ez.<\/p>\n\n\n\n<p>\u200bA su ingreso, el equipo m\u00e9dico de guardia diagnostic\u00f3 un politraumatismo craneoencef\u00e1lico severo. A pesar de los esfuerzos del personal de salud por estabilizarla, la gravedad de las lesiones provoc\u00f3 su fallecimiento a los pocos minutos de haber sido ingresada al centro asistencial.<\/p>\n\n\n\n<p>\u200b<strong>Redacci\u00f3n<\/strong><\/p>\n\n\n\n<p><\/p>\n","protected":false},"excerpt":{"rendered":"<p>Una profunda tragedia enluta a la comunidad del sector Parque del Sur, en la parroquia La Sabanita, tras confirmarse el fallecimiento de una menor de cuatro a\u00f1os de edad en un lamentable accidente ocurrido el pasado mi\u00e9rcoles 11 de marzo.\u200b\u200bEl hecho se registr\u00f3 en horas de la tarde, cuando el ciudadano Carlos Alcocer, padre de [&hellip;]<\/p>\n","protected":false},"author":38,"featured_media":304735,"comment_status":"closed","ping_status":"closed","sticky":false,"template":"","format":"standard","meta":{"footnotes":""},"categories":[13],"tags":[185,306,105],"class_list":{"0":"post-304734","1":"post","2":"type-post","3":"status-publish","4":"format-standard","5":"has-post-thumbnail","7":"category-sucesos","8":"tag-bolivar","9":"tag-ciudad-bolivar","10":"tag-venezuela"},"_links":{"self":[{"href":"https:\/\/elluchador.info\/index.php?rest_route=\/wp\/v2\/posts\/304734","targetHints":{"allow":["GET"]}}],"collection":[{"href":"https:\/\/elluchador.info\/index.php?rest_route=\/wp\/v2\/posts"}],"about":[{"href":"https:\/\/elluchador.info\/index.php?rest_route=\/wp\/v2\/types\/post"}],"author":[{"embeddable":true,"href":"https:\/\/elluchador.info\/index.php?rest_route=\/wp\/v2\/users\/38"}],"replies":[{"embeddable":true,"href":"https:\/\/elluchador.info\/index.php?rest_route=%2Fwp%2Fv2%2Fcomments&post=304734"}],"version-history":[{"count":1,"href":"https:\/\/elluchador.info\/index.php?rest_route=\/wp\/v2\/posts\/304734\/revisions"}],"predecessor-version":[{"id":304736,"href":"https:\/\/elluchador.info\/index.php?rest_route=\/wp\/v2\/posts\/304734\/revisions\/304736"}],"wp:featuredmedia":[{"embeddable":true,"href":"https:\/\/elluchador.info\/index.php?rest_route=\/wp\/v2\/media\/304735"}],"wp:attachment":[{"href":"https:\/\/elluchador.info\/index.php?rest_route=%2Fwp%2Fv2%2Fmedia&parent=304734"}],"wp:term":[{"taxonomy":"category","embeddable":true,"href":"https:\/\/elluchador.info\/index.php?rest_route=%2Fwp%2Fv2%2Fcategories&post=304734"},{"taxonomy":"post_tag","embeddable":true,"href":"https:\/\/elluchador.info\/index.php?rest_route=%2Fwp%2Fv2%2Ftags&post=304734"}],"curies":[{"name":"wp","href":"https:\/\/api.w.org\/{rel}","templated":true}]}}