{"id":304743,"date":"2026-03-12T10:46:00","date_gmt":"2026-03-12T14:46:00","guid":{"rendered":"https:\/\/elluchador.info\/?p=304743"},"modified":"2026-03-12T10:38:46","modified_gmt":"2026-03-12T14:38:46","slug":"zelenski-y-macron-se-reuniran-en-paris-el-viernes","status":"publish","type":"post","link":"https:\/\/elluchador.info\/?p=304743","title":{"rendered":"Zelenski y Macron se reunir\u00e1n en Par\u00eds el viernes"},"content":{"rendered":"\n<p>El Palacio del El\u00edseo ha confirmado que el presidente franc\u00e9s, Emmanuel Macron, recibir\u00e1 este viernes en Par\u00eds a su hom\u00f3logo ucraniano, Volodimir Zelenski. El encuentro, que ocurre en un momento cr\u00edtico tras cuatro a\u00f1os de conflicto, tendr\u00e1 como eje central el fortalecimiento de las medidas punitivas contra Mosc\u00fa y la consolidaci\u00f3n de las garant\u00edas de seguridad para Ucrania.<\/p>\n\n\n\n<p>\u200bUno de los puntos m\u00e1s destacados de la agenda ser\u00e1 la implementaci\u00f3n de nuevos mecanismos para \u00abreforzar la presi\u00f3n sobre Rusia\u00bb. Seg\u00fan inform\u00f3 la presidencia francesa, ambos l\u00edderes se centrar\u00e1n de manera espec\u00edfica en la lucha contra la \u00abflota fantasma\u00bb, el entramado de buques con los que Rusia ha intentado evadir las sanciones internacionales para comercializar sus recursos energ\u00e9ticos.<\/p>\n\n\n\n<p>\u200b\u00bbEsta visita reafirma el compromiso inquebrantable de Francia con la defensa de Ucrania y la b\u00fasqueda de una estabilidad regional que no ceda ante la agresi\u00f3n externa\u00bb, se\u00f1al\u00f3 el El\u00edseo en su comunicado oficial.<\/p>\n\n\n\n<p>\u200bLa reuni\u00f3n de este viernes se perfila como un paso decisivo para coordinar la estrategia europea de cara al quinto a\u00f1o del conflicto, buscando cerrar las brechas que permiten el financiamiento de la maquinaria de guerra rusa.<br>\u200b<br>Con informaci\u00f3n de <strong>agencias<\/strong><\/p>\n","protected":false},"excerpt":{"rendered":"<p>El Palacio del El\u00edseo ha confirmado que el presidente franc\u00e9s, Emmanuel Macron, recibir\u00e1 este viernes en Par\u00eds a su hom\u00f3logo ucraniano, Volodimir Zelenski. El encuentro, que ocurre en un momento cr\u00edtico tras cuatro a\u00f1os de conflicto, tendr\u00e1 como eje central el fortalecimiento de las medidas punitivas contra Mosc\u00fa y la consolidaci\u00f3n de las garant\u00edas de [&hellip;]<\/p>\n","protected":false},"author":38,"featured_media":304744,"comment_status":"closed","ping_status":"closed","sticky":false,"template":"","format":"standard","meta":{"footnotes":""},"categories":[8],"tags":[448],"class_list":{"0":"post-304743","1":"post","2":"type-post","3":"status-publish","4":"format-standard","5":"has-post-thumbnail","7":"category-internacionales","8":"tag-mundo"},"_links":{"self":[{"href":"https:\/\/elluchador.info\/index.php?rest_route=\/wp\/v2\/posts\/304743","targetHints":{"allow":["GET"]}}],"collection":[{"href":"https:\/\/elluchador.info\/index.php?rest_route=\/wp\/v2\/posts"}],"about":[{"href":"https:\/\/elluchador.info\/index.php?rest_route=\/wp\/v2\/types\/post"}],"author":[{"embeddable":true,"href":"https:\/\/elluchador.info\/index.php?rest_route=\/wp\/v2\/users\/38"}],"replies":[{"embeddable":true,"href":"https:\/\/elluchador.info\/index.php?rest_route=%2Fwp%2Fv2%2Fcomments&post=304743"}],"version-history":[{"count":1,"href":"https:\/\/elluchador.info\/index.php?rest_route=\/wp\/v2\/posts\/304743\/revisions"}],"predecessor-version":[{"id":304745,"href":"https:\/\/elluchador.info\/index.php?rest_route=\/wp\/v2\/posts\/304743\/revisions\/304745"}],"wp:featuredmedia":[{"embeddable":true,"href":"https:\/\/elluchador.info\/index.php?rest_route=\/wp\/v2\/media\/304744"}],"wp:attachment":[{"href":"https:\/\/elluchador.info\/index.php?rest_route=%2Fwp%2Fv2%2Fmedia&parent=304743"}],"wp:term":[{"taxonomy":"category","embeddable":true,"href":"https:\/\/elluchador.info\/index.php?rest_route=%2Fwp%2Fv2%2Fcategories&post=304743"},{"taxonomy":"post_tag","embeddable":true,"href":"https:\/\/elluchador.info\/index.php?rest_route=%2Fwp%2Fv2%2Ftags&post=304743"}],"curies":[{"name":"wp","href":"https:\/\/api.w.org\/{rel}","templated":true}]}}