{"id":304749,"date":"2026-03-12T11:28:00","date_gmt":"2026-03-12T15:28:00","guid":{"rendered":"https:\/\/elluchador.info\/?p=304749"},"modified":"2026-03-12T11:23:21","modified_gmt":"2026-03-12T15:23:21","slug":"candidato-oficialista-ivan-cepeda-inscribe-su-candidatura-a-la-presidencia-de-colombia","status":"publish","type":"post","link":"https:\/\/elluchador.info\/?p=304749","title":{"rendered":"Candidato oficialista Iv\u00e1n Cepeda inscribe su candidatura a la presidencia de Colombia"},"content":{"rendered":"\n<p>En un acto multitudinario celebrado este mi\u00e9rcoles en la Plazoleta de la Democracia de la Registradur\u00eda Nacional, el senador Iv\u00e1n Cepeda Castro inscribi\u00f3 formalmente su candidatura a la Presidencia de Colombia. El l\u00edder del Pacto Hist\u00f3rico estuvo acompa\u00f1ado por su f\u00f3rmula vicepresidencial, la senadora y lideresa ind\u00edgena A\u00edda Marina Quilcu\u00e9 Vivas.<\/p>\n\n\n\n<p>\u200bCepeda, fil\u00f3sofo de 64 a\u00f1os, asume el reto como el candidato oficialista del actual Gobierno. Durante su discurso, destac\u00f3 el respaldo ciudadano obtenido en las recientes elecciones parlamentarias, donde el Pacto Hist\u00f3rico se consolid\u00f3 como la principal fuerza pol\u00edtica del pa\u00eds.<\/p>\n\n\n\n<p>\u200b\u00bbGracias por el respaldo a nuestro presidente Gustavo Petro y a este proyecto pol\u00edtico. No hay duda de que hoy somos la mayor fuerza en Colombia\u00bb, afirm\u00f3 Cepeda ante cientos de seguidores.<\/p>\n\n\n\n<p>\u200bEl candidato subray\u00f3 que la elecci\u00f3n de A\u00edda Quilcu\u00e9 \u2014representante del Movimiento Alternativo Ind\u00edgena y Social (MAIS) y del Consejo Regional Ind\u00edgena del Cauca (CRIC)\u2014 no es solo un gesto simb\u00f3lico, sino un mensaje de agradecimiento hacia los pueblos originarios y su \u00e9tica social.<\/p>\n\n\n\n<p>\u200bPor su parte, A\u00edda Quilcu\u00e9 defini\u00f3 su eventual gesti\u00f3n como un espacio para quienes han sido \u00abexcluidos hist\u00f3rica y milenariamente\u00bb. Su programa se centrar\u00e1 en la representaci\u00f3n de pueblos ind\u00edgenas, comunidades afro, campesinos, mujeres, j\u00f3venes y poblaci\u00f3n diversa.<\/p>\n\n\n\n<p>\u200bAlejandro Toro, representante a la C\u00e1mara por Antioquia, calific\u00f3 la designaci\u00f3n de Quilcu\u00e9 como un acierto estrat\u00e9gico:<br>\u200bRepresentatividad: Se estima que el s\u00edmbolo de Quilcu\u00e9 resuena con m\u00e1s de 10 millones de personas, incluyendo v\u00edctimas del conflicto y minor\u00edas \u00e9tnicas.<br>\u200bPoder Popular: Toro destac\u00f3 su capacidad para unir la pol\u00edtica institucional con las bases sociales.<\/p>\n\n\n\n<p>\u200bEn el \u00e1mbito internacional, la senadora y copresidenta del Pacto Hist\u00f3rico, Gloria Fl\u00f3rez Schneider, enfatiz\u00f3 que un gobierno de Cepeda profundizar\u00e1 el multilateralismo iniciado por la actual administraci\u00f3n. El objetivo es consolidar una pol\u00edtica exterior multipolar que no dependa de una sola potencia, priorizando la defensa de la vida frente a las amenazas de conflictos globales.<\/p>\n\n\n\n<p>Con informaci\u00f3n de agencias<\/p>\n\n\n\n<p><\/p>\n","protected":false},"excerpt":{"rendered":"<p>En un acto multitudinario celebrado este mi\u00e9rcoles en la Plazoleta de la Democracia de la Registradur\u00eda Nacional, el senador Iv\u00e1n Cepeda Castro inscribi\u00f3 formalmente su candidatura a la Presidencia de Colombia. El l\u00edder del Pacto Hist\u00f3rico estuvo acompa\u00f1ado por su f\u00f3rmula vicepresidencial, la senadora y lideresa ind\u00edgena A\u00edda Marina Quilcu\u00e9 Vivas. \u200bCepeda, fil\u00f3sofo de 64 [&hellip;]<\/p>\n","protected":false},"author":38,"featured_media":304750,"comment_status":"closed","ping_status":"closed","sticky":false,"template":"","format":"standard","meta":{"footnotes":""},"categories":[8],"tags":[448],"class_list":{"0":"post-304749","1":"post","2":"type-post","3":"status-publish","4":"format-standard","5":"has-post-thumbnail","7":"category-internacionales","8":"tag-mundo"},"_links":{"self":[{"href":"https:\/\/elluchador.info\/index.php?rest_route=\/wp\/v2\/posts\/304749","targetHints":{"allow":["GET"]}}],"collection":[{"href":"https:\/\/elluchador.info\/index.php?rest_route=\/wp\/v2\/posts"}],"about":[{"href":"https:\/\/elluchador.info\/index.php?rest_route=\/wp\/v2\/types\/post"}],"author":[{"embeddable":true,"href":"https:\/\/elluchador.info\/index.php?rest_route=\/wp\/v2\/users\/38"}],"replies":[{"embeddable":true,"href":"https:\/\/elluchador.info\/index.php?rest_route=%2Fwp%2Fv2%2Fcomments&post=304749"}],"version-history":[{"count":1,"href":"https:\/\/elluchador.info\/index.php?rest_route=\/wp\/v2\/posts\/304749\/revisions"}],"predecessor-version":[{"id":304751,"href":"https:\/\/elluchador.info\/index.php?rest_route=\/wp\/v2\/posts\/304749\/revisions\/304751"}],"wp:featuredmedia":[{"embeddable":true,"href":"https:\/\/elluchador.info\/index.php?rest_route=\/wp\/v2\/media\/304750"}],"wp:attachment":[{"href":"https:\/\/elluchador.info\/index.php?rest_route=%2Fwp%2Fv2%2Fmedia&parent=304749"}],"wp:term":[{"taxonomy":"category","embeddable":true,"href":"https:\/\/elluchador.info\/index.php?rest_route=%2Fwp%2Fv2%2Fcategories&post=304749"},{"taxonomy":"post_tag","embeddable":true,"href":"https:\/\/elluchador.info\/index.php?rest_route=%2Fwp%2Fv2%2Ftags&post=304749"}],"curies":[{"name":"wp","href":"https:\/\/api.w.org\/{rel}","templated":true}]}}