{"id":304771,"date":"2026-03-12T14:38:00","date_gmt":"2026-03-12T18:38:00","guid":{"rendered":"https:\/\/elluchador.info\/?p=304771"},"modified":"2026-03-12T14:33:24","modified_gmt":"2026-03-12T18:33:24","slug":"mojtaba-jamenei-es-fundamental-seguir-%d1%81on-el-bloqueo-de-ormuz","status":"publish","type":"post","link":"https:\/\/elluchador.info\/?p=304771","title":{"rendered":"Mojtab\u00e1 Jamene\u00ed: Es fundamental seguir \u0441on el bloqueo de Ormuz"},"content":{"rendered":"\n<p>En un momento de m\u00e1xima tensi\u00f3n regional, la Asamblea de Expertos ha nombrado oficialmente a Mojtab\u00e1 Jamene\u00ed como el nuevo L\u00edder Supremo de la Rep\u00fablica Isl\u00e1mica de Ir\u00e1n. El cl\u00e9rigo de 56 a\u00f1os sucede a su padre, el ayatol\u00e1 Al\u00ed Jamene\u00ed, tras el asesinato de este \u00faltimo durante la primera jornada de los bombardeos masivos ejecutados por Washington y Tel Aviv contra la capital iran\u00ed.<\/p>\n\n\n\n<p>\u200bEn su primer mensaje a la naci\u00f3n este jueves, le\u00eddo por televisi\u00f3n, el nuevo L\u00edder Supremo deline\u00f3 la hoja de ruta estrat\u00e9gica de Teher\u00e1n frente a la agresi\u00f3n externa. Jamene\u00ed enfatiz\u00f3 que el bloqueo del estrecho de Ormuz seguir\u00e1 siendo una herramienta fundamental de presi\u00f3n.<\/p>\n\n\n\n<p>\u200b\u00bbSe ha estudiado abrir otros frentes donde el enemigo tiene poca experiencia y ser\u00e1 extremadamente vulnerable\u00bb, reza el comunicado. La activaci\u00f3n de estos nuevos teatros de operaciones depender\u00e1 de la persistencia de las hostilidades y de los intereses nacionales.<\/p>\n\n\n\n<p>\u200bEl L\u00edder Supremo fue categ\u00f3rico respecto a las consecuencias econ\u00f3micas de la guerra. Advirti\u00f3 que Teher\u00e1n exigir\u00e1 reparaciones por los da\u00f1os sufridos y que, en caso de negativa, Ir\u00e1n proceder\u00e1 a la incautaci\u00f3n o destrucci\u00f3n de activos enemigos por un valor equivalente.<\/p>\n\n\n\n<p>\u200bAsimismo, dirigi\u00f3 un mensaje directo a los 15 pa\u00edses vecinos con los que Ir\u00e1n comparte fronteras:<br>\u200bDenunci\u00f3 el uso de instalaciones militares y financieras en la regi\u00f3n por parte de potencias occidentales.<br>\u200bConfirm\u00f3 que Ir\u00e1n ya ha atacado bases espec\u00edficas desde donde se lanzaron agresiones, asegurando que estas acciones continuar\u00e1n si los pa\u00edses vecinos no aclaran su posici\u00f3n frente a los \u00abagresores\u00bb.<br>\u200bRecomend\u00f3 el cierre inmediato de dichas bases, calificando las promesas de seguridad de EE. UU. como una \u00abmentira\u00bb.<\/p>\n\n\n\n<p>\u200b<strong>Unidad interna y \u00abVenganza de los M\u00e1rtires\u00bb<\/strong><br>\u200bHaciendo un llamado a la cohesi\u00f3n social, Jamene\u00ed inst\u00f3 a los ciudadanos a dejar de lado los desacuerdos para fortalecer la unidad nacional. En un pasaje emotivo, record\u00f3 a su padre fallecido: \u00abLo que vi fue una monta\u00f1a de firmeza, y o\u00ed que su mano sana permanec\u00eda cerrada en pu\u00f1o\u00bb.<\/p>\n\n\n\n<p>\u200bEl nuevo l\u00edder asegur\u00f3 que la venganza por la sangre de los m\u00e1rtires, especialmente por las 175 v\u00edctimas de un ataque estadounidense contra una escuela primaria, es un expediente prioritario que a\u00fan no ha concluido.<\/p>\n\n\n\n<p>\u200bCon informaci\u00f3n de <strong>agencias<\/strong><\/p>\n\n\n\n<p><\/p>\n","protected":false},"excerpt":{"rendered":"<p>En un momento de m\u00e1xima tensi\u00f3n regional, la Asamblea de Expertos ha nombrado oficialmente a Mojtab\u00e1 Jamene\u00ed como el nuevo L\u00edder Supremo de la Rep\u00fablica Isl\u00e1mica de Ir\u00e1n. El cl\u00e9rigo de 56 a\u00f1os sucede a su padre, el ayatol\u00e1 Al\u00ed Jamene\u00ed, tras el asesinato de este \u00faltimo durante la primera jornada de los bombardeos masivos [&hellip;]<\/p>\n","protected":false},"author":38,"featured_media":304772,"comment_status":"closed","ping_status":"closed","sticky":false,"template":"","format":"standard","meta":{"footnotes":""},"categories":[8],"tags":[448],"class_list":{"0":"post-304771","1":"post","2":"type-post","3":"status-publish","4":"format-standard","5":"has-post-thumbnail","7":"category-internacionales","8":"tag-mundo"},"_links":{"self":[{"href":"https:\/\/elluchador.info\/index.php?rest_route=\/wp\/v2\/posts\/304771","targetHints":{"allow":["GET"]}}],"collection":[{"href":"https:\/\/elluchador.info\/index.php?rest_route=\/wp\/v2\/posts"}],"about":[{"href":"https:\/\/elluchador.info\/index.php?rest_route=\/wp\/v2\/types\/post"}],"author":[{"embeddable":true,"href":"https:\/\/elluchador.info\/index.php?rest_route=\/wp\/v2\/users\/38"}],"replies":[{"embeddable":true,"href":"https:\/\/elluchador.info\/index.php?rest_route=%2Fwp%2Fv2%2Fcomments&post=304771"}],"version-history":[{"count":1,"href":"https:\/\/elluchador.info\/index.php?rest_route=\/wp\/v2\/posts\/304771\/revisions"}],"predecessor-version":[{"id":304773,"href":"https:\/\/elluchador.info\/index.php?rest_route=\/wp\/v2\/posts\/304771\/revisions\/304773"}],"wp:featuredmedia":[{"embeddable":true,"href":"https:\/\/elluchador.info\/index.php?rest_route=\/wp\/v2\/media\/304772"}],"wp:attachment":[{"href":"https:\/\/elluchador.info\/index.php?rest_route=%2Fwp%2Fv2%2Fmedia&parent=304771"}],"wp:term":[{"taxonomy":"category","embeddable":true,"href":"https:\/\/elluchador.info\/index.php?rest_route=%2Fwp%2Fv2%2Fcategories&post=304771"},{"taxonomy":"post_tag","embeddable":true,"href":"https:\/\/elluchador.info\/index.php?rest_route=%2Fwp%2Fv2%2Ftags&post=304771"}],"curies":[{"name":"wp","href":"https:\/\/api.w.org\/{rel}","templated":true}]}}