{"id":304814,"date":"2026-03-13T07:44:48","date_gmt":"2026-03-13T11:44:48","guid":{"rendered":"https:\/\/elluchador.info\/?p=304814"},"modified":"2026-03-13T07:44:52","modified_gmt":"2026-03-13T11:44:52","slug":"mas-de-1450-mineros-participaron-en-la-consulta-publica-de-la-ley-de-minas-en-bolivar","status":"publish","type":"post","link":"https:\/\/elluchador.info\/?p=304814","title":{"rendered":"M\u00e1s de 1450 mineros participaron en la Consulta P\u00fablica de la Ley de Minas en Bol\u00edvar"},"content":{"rendered":"\n<p>Como parte del proceso de reforma que se est\u00e1 ejecutando a la Ley de Minas, proyecto que fue aprobado por la Asamblea Nacional (AN) a principios de esta semana, el ministro de Desarrollo Minero Ecol\u00f3gico e Industrias B\u00e1sicas, H\u00e9ctor Silva, lider\u00f3 la Consulta P\u00fablica con el pueblo minero del estado Bol\u00edvar, de cara al decreto de esta ley.<br><br>La jornada de realiz\u00f3 en dos momentos; la primera en el Complejo Industrial Minero Domingo Sifontes, donde participaron alrededor de 500 trabajadores de este motor productivo; la segunda se realiz\u00f3 en la comunidad Bel\u00e9n II con m\u00e1s de 1.000 mineros, con la finalidad discutir los aspectos importantes del nuevo marco legal.<\/p>\n\n\n\n<p>El proceso de Consulta Publica cont\u00f3 con la presencia del viceministro del Oro, Luis P\u00e9rez; el viceministro de Otros Minerales Estrat\u00e9gicos No Aur\u00edferos, Jes\u00fas Mieres; el primer vicepresidente de la AN, Pedro Infante, el presidente de la Comisi\u00f3n Permanente de Energ\u00eda y Petr\u00f3leo de la AN, Orlando Camacho; legisladores y legisladoras de los estados Bol\u00edvar y Guayana Esequiba, y dem\u00e1s autoridades.<\/p>\n\n\n\n<p>Durante la primera asamblea, en el Complejo Industrial Minero Domingo Sifontes, los trabajadores, alianzas mineras y empresarios del rubro recibieron informaci\u00f3n sobre los cambios que presenta esta Ley de Minas, reflejando la importancia de la opini\u00f3n p\u00fablica para el crecimiento de nuevos lazos estrat\u00e9gicos y el desarrollo sostenible de esta actividad productiva.<\/p>\n\n\n\n<p>El viceministro Luis P\u00e9rez indic\u00f3 que el pueblo, de la mano del Gobierno Bolivariano, avanza en la construcci\u00f3n del pa\u00eds y modelo minero que todos esperan. Luego de afirmar que los puntos tratados durante el encuentro ser\u00edan discutidos tambi\u00e9n en pr\u00f3ximas oportunidades, agreg\u00f3 que \u201cla aprobaci\u00f3n de la ley contar\u00e1 con el compromiso del sector minero\u201d.<\/p>\n\n\n<div class=\"wp-block-image\">\n<figure class=\"aligncenter size-large is-resized\"><img loading=\"lazy\" decoding=\"async\" width=\"1024\" height=\"575\" src=\"https:\/\/elluchador.info\/wp-content\/uploads\/2026\/03\/37283-1024x575.jpg\" alt=\"\" class=\"wp-image-304815\" style=\"aspect-ratio:1.7808737390172469;width:611px;height:auto\" srcset=\"https:\/\/elluchador.info\/wp-content\/uploads\/2026\/03\/37283-1024x575.jpg 1024w, https:\/\/elluchador.info\/wp-content\/uploads\/2026\/03\/37283-300x169.jpg 300w, https:\/\/elluchador.info\/wp-content\/uploads\/2026\/03\/37283-768x431.jpg 768w, https:\/\/elluchador.info\/wp-content\/uploads\/2026\/03\/37283-1536x863.jpg 1536w, https:\/\/elluchador.info\/wp-content\/uploads\/2026\/03\/37283-2048x1150.jpg 2048w, https:\/\/elluchador.info\/wp-content\/uploads\/2026\/03\/37283-150x84.jpg 150w, https:\/\/elluchador.info\/wp-content\/uploads\/2026\/03\/37283-696x391.jpg 696w, https:\/\/elluchador.info\/wp-content\/uploads\/2026\/03\/37283-1068x600.jpg 1068w, https:\/\/elluchador.info\/wp-content\/uploads\/2026\/03\/37283-1920x1079.jpg 1920w\" sizes=\"auto, (max-width: 1024px) 100vw, 1024px\" \/><\/figure>\n<\/div>\n\n\n<p>Asimismo, el diputado Pedro Infante expres\u00f3 que esta ley acerca la teor\u00eda que se tiene de la miner\u00eda a la pr\u00e1ctica. Adem\u00e1s, resalt\u00f3 la participaci\u00f3n del pueblo de El Callao en la producci\u00f3n mineral, asegurando que \u201csi alguno quiere venir a discutir esta ley, es aqu\u00ed\u00bb.<\/p>\n\n\n\n<p>Por su parte, Ram\u00f3n Calder\u00f3n, trabajador minero de La Ramona, felicit\u00f3 a las autoridades por llevar la ley al pueblo y que sea debatida, resaltando la importancia de que todos aporten a su ejecuci\u00f3n. A\u00f1adi\u00f3: \u201cNosotros tambi\u00e9n, desde la peque\u00f1a miner\u00eda, hemos aportado bastante para la miner\u00eda del pa\u00eds\u00bb.<\/p>\n\n\n\n<p>El ministro H\u00e9ctor Silva aplaudi\u00f3 las palabras del trabajador y reconoci\u00f3 que esta ley busca garantizar la seguridad y la protecci\u00f3n de los peque\u00f1os mineros para que, si llegasen empresas trasnacionales al pa\u00eds, no se vea afectada.<\/p>\n\n\n\n<p><strong>M\u00e1s de 1.000 mineros del sector Bel\u00e9n II participaron en la Consulta P\u00fablica<\/strong><\/p>\n\n\n\n<p>El segundo encuentro de esta Consulta P\u00fablica se realiz\u00f3 con la comunidad minera de Bel\u00e9n II, en El Callao, donde el ministro Silva enfatiz\u00f3 la necesidad de un marco legal humano y t\u00e9cnico: \u00abDebemos formar a nuestros mineros y acercar las leyes a las realidades que viven nuestros pueblos, garantizando que el conocimiento t\u00e9cnico y el marco legal caminen de la mano con las necesidades sociales de cada territorio\u00bb.<\/p>\n\n\n\n<p>Asimismo, destac\u00f3 que la evoluci\u00f3n del sector contar\u00e1 con un respaldo financiero s\u00f3lido con la creaci\u00f3n del Fondo Nacional Minero, asegurando que el crecimiento ser\u00e1 a peque\u00f1a y mediana escala, transformando los m\u00e9todos de trabajo en procesos industriales modernos, dignos y plenamente integrados al desarrollo econ\u00f3mico nacional. <\/p>\n\n\n<div class=\"wp-block-image\">\n<figure class=\"aligncenter size-large is-resized\"><img loading=\"lazy\" decoding=\"async\" width=\"1024\" height=\"575\" src=\"https:\/\/elluchador.info\/wp-content\/uploads\/2026\/03\/37281-1024x575.jpg\" alt=\"\" class=\"wp-image-304816\" style=\"aspect-ratio:1.7808737390172469;width:609px;height:auto\" srcset=\"https:\/\/elluchador.info\/wp-content\/uploads\/2026\/03\/37281-1024x575.jpg 1024w, https:\/\/elluchador.info\/wp-content\/uploads\/2026\/03\/37281-300x168.jpg 300w, https:\/\/elluchador.info\/wp-content\/uploads\/2026\/03\/37281-768x431.jpg 768w, https:\/\/elluchador.info\/wp-content\/uploads\/2026\/03\/37281-150x84.jpg 150w, https:\/\/elluchador.info\/wp-content\/uploads\/2026\/03\/37281-696x391.jpg 696w, https:\/\/elluchador.info\/wp-content\/uploads\/2026\/03\/37281-1068x599.jpg 1068w, https:\/\/elluchador.info\/wp-content\/uploads\/2026\/03\/37281.jpg 1080w\" sizes=\"auto, (max-width: 1024px) 100vw, 1024px\" \/><\/figure>\n<\/div>\n\n\n<p>Al respecto, el viceministro Jes\u00fas Mieres se\u00f1al\u00f3: \u00abNos desplegaremos por todo el sector minero para dar a conocer las recomendaciones y los aportes necesarios para materializar la visi\u00f3n de la Nueva Ley de Minas\u00bb.<\/p>\n\n\n\n<p>Para reconocer el esfuerzo de la miner\u00eda artesanal, se anunci\u00f3 que la nueva ley establece que los mineros podr\u00e1n movilizarse sin Gu\u00eda de Circulaci\u00f3n del Mineral, por hasta un peso bruto de 30 g, un avance importante para los que ejecutan esta labor.<\/p>\n\n\n\n<p>Finalmente, el ministro H\u00e9ctor Silva hizo un llamado a la unidad y el orden: \u00abSigamos organiz\u00e1ndonos para alcanzar la formalizaci\u00f3n a trav\u00e9s de los Registros \u00danicos Mineros y que todas las alianzas mineras trabajen dentro de la legalidad\u00bb.<\/p>\n\n\n\n<p>Este instrumento legal tiene como objetivos fundamentales modernizar la industria nacional, facilitar la incorporaci\u00f3n de tecnolog\u00eda de \u00faltima generaci\u00f3n y flexibilizar las normas vigentes para optimizar el aprovechamiento de los recursos minerales del Estado venezolano, atrayendo la inversi\u00f3n nacional e internacional y brindando bienestar al pueblo venezolano.<\/p>\n\n\n\n<p>Con informaci\u00f3n de <strong><em>Prensa Miner\u00eda<\/em><\/strong><\/p>\n","protected":false},"excerpt":{"rendered":"<p>Como parte del proceso de reforma que se est\u00e1 ejecutando a la Ley de Minas, proyecto que fue aprobado por la Asamblea Nacional (AN) a principios de esta semana, el ministro de Desarrollo Minero Ecol\u00f3gico e Industrias B\u00e1sicas, H\u00e9ctor Silva, lider\u00f3 la Consulta P\u00fablica con el pueblo minero del estado Bol\u00edvar, de cara al decreto [&hellip;]<\/p>\n","protected":false},"author":33,"featured_media":304817,"comment_status":"closed","ping_status":"closed","sticky":false,"template":"","format":"standard","meta":{"footnotes":""},"categories":[5,12],"tags":[185,6712,1447,2865,3296],"class_list":{"0":"post-304814","1":"post","2":"type-post","3":"status-publish","4":"format-standard","5":"has-post-thumbnail","7":"category-destacado","8":"category-regionales","9":"tag-bolivar","10":"tag-consulta-publica","11":"tag-ley","12":"tag-minas","13":"tag-mineros"},"_links":{"self":[{"href":"https:\/\/elluchador.info\/index.php?rest_route=\/wp\/v2\/posts\/304814","targetHints":{"allow":["GET"]}}],"collection":[{"href":"https:\/\/elluchador.info\/index.php?rest_route=\/wp\/v2\/posts"}],"about":[{"href":"https:\/\/elluchador.info\/index.php?rest_route=\/wp\/v2\/types\/post"}],"author":[{"embeddable":true,"href":"https:\/\/elluchador.info\/index.php?rest_route=\/wp\/v2\/users\/33"}],"replies":[{"embeddable":true,"href":"https:\/\/elluchador.info\/index.php?rest_route=%2Fwp%2Fv2%2Fcomments&post=304814"}],"version-history":[{"count":1,"href":"https:\/\/elluchador.info\/index.php?rest_route=\/wp\/v2\/posts\/304814\/revisions"}],"predecessor-version":[{"id":304818,"href":"https:\/\/elluchador.info\/index.php?rest_route=\/wp\/v2\/posts\/304814\/revisions\/304818"}],"wp:featuredmedia":[{"embeddable":true,"href":"https:\/\/elluchador.info\/index.php?rest_route=\/wp\/v2\/media\/304817"}],"wp:attachment":[{"href":"https:\/\/elluchador.info\/index.php?rest_route=%2Fwp%2Fv2%2Fmedia&parent=304814"}],"wp:term":[{"taxonomy":"category","embeddable":true,"href":"https:\/\/elluchador.info\/index.php?rest_route=%2Fwp%2Fv2%2Fcategories&post=304814"},{"taxonomy":"post_tag","embeddable":true,"href":"https:\/\/elluchador.info\/index.php?rest_route=%2Fwp%2Fv2%2Ftags&post=304814"}],"curies":[{"name":"wp","href":"https:\/\/api.w.org\/{rel}","templated":true}]}}