{"id":304819,"date":"2026-03-13T08:05:35","date_gmt":"2026-03-13T12:05:35","guid":{"rendered":"https:\/\/elluchador.info\/?p=304819"},"modified":"2026-03-13T08:05:39","modified_gmt":"2026-03-13T12:05:39","slug":"fedeagro-denuncia-ante-la-fiscalia-hechos-de-violencia-y-extorsion-contra-agricultores","status":"publish","type":"post","link":"https:\/\/elluchador.info\/?p=304819","title":{"rendered":"Fedeagro denuncia ante la fiscal\u00eda hechos de violencia y extorsi\u00f3n contra agricultores"},"content":{"rendered":"\n<p>La Confederaci\u00f3n de Asociaciones de Productores Agropecuarios (Fedeagro), que agrupa a productores agr\u00edcolas de Venezuela, inform\u00f3 este jueves que\u00a0denunci\u00f3 ante la Fiscal\u00eda los \u00abgraves hechos de violencia\u00bb contra agricultores y sus propiedades\u00a0ocurridos recientemente en el pa\u00eds.<\/p>\n\n\n\n<p>En un comunicado publicado en su cuenta de Instagram, la agrupaci\u00f3n se\u00f1al\u00f3 que\u00a0tambi\u00e9n pidi\u00f3 una \u00abaudiencia formal\u00bb para exponer los ataques\u00a0que, seg\u00fan afirm\u00f3, se han intensificado en los \u00faltimos d\u00edas, incluyendo el homicidio del productor Ricardo Gonz\u00e1lez en Las Mercedes del Llano, un sector ubicado en el estado Gu\u00e1rico.<\/p>\n\n\n\n<p>En un comunicado publicado en su cuenta de Instagram, la agrupaci\u00f3n se\u00f1al\u00f3 que&nbsp;tambi\u00e9n pidi\u00f3 una \u00abaudiencia formal\u00bb para exponer los ataques&nbsp;que, seg\u00fan afirm\u00f3, se han intensificado en los \u00faltimos d\u00edas, incluyendo el homicidio del productor Ricardo Gonz\u00e1lez en Las Mercedes del Llano, un sector ubicado en el estado Gu\u00e1rico.<\/p>\n\n\n\n<p>Tambi\u00e9n&nbsp;denunci\u00f3 \u00abla quema de maquinar\u00eda agr\u00edcola\u00bb -como tractores y sembradoras\u2013 en una finca, as\u00ed como la imposici\u00f3n de extorsiones por parte de \u00abgrupos de delincuencia organizada\u00bb.<\/p>\n\n\n\n<p>La agrupaci\u00f3n afirm\u00f3 que estas situaciones&nbsp;representan un \u00abriesgo extremo\u00bb para propietarios, sus trabajadores, y asegur\u00f3 que \u00abpone en peligro la seguridad alimentaria\u00bb del pa\u00eds.<\/p>\n\n\n\n<p>\u00abDe no resolverse de manera prioritaria, nos enfrentamos a un proceso irreversible de abandono del campo\u00bb, advirti\u00f3.<\/p>\n\n\n\n<p>En este sentido, la organizaci\u00f3n exigi\u00f3 una \u00abacci\u00f3n coordinada y decidida\u00bb de las autoridades venezolanas para proteger la seguridad de los productores y propietarios, as\u00ed como prevenir nuevos ataques.<\/p>\n\n\n\n<p>A principios de febrero, la Federaci\u00f3n Nacional de Ganaderos de Venezuela (Fedenaga), junto con organizaciones regionales y locales,&nbsp;alert\u00f3 que la violencia en las zonas rurales \u00abha cruzado l\u00edmites intolerables\u00bb&nbsp;con el homicidio de Gonz\u00e1lez, que calific\u00f3 como un \u00abatentado directo\u00bb contra quienes garantizan la seguridad alimentaria en el pa\u00eds suramericano.<\/p>\n\n\n\n<p>Con informaci\u00f3n <strong><em>Medios Nacionales<\/em><\/strong><\/p>\n","protected":false},"excerpt":{"rendered":"<p>La Confederaci\u00f3n de Asociaciones de Productores Agropecuarios (Fedeagro), que agrupa a productores agr\u00edcolas de Venezuela, inform\u00f3 este jueves que\u00a0denunci\u00f3 ante la Fiscal\u00eda los \u00abgraves hechos de violencia\u00bb contra agricultores y sus propiedades\u00a0ocurridos recientemente en el pa\u00eds. En un comunicado publicado en su cuenta de Instagram, la agrupaci\u00f3n se\u00f1al\u00f3 que\u00a0tambi\u00e9n pidi\u00f3 una \u00abaudiencia formal\u00bb para exponer [&hellip;]<\/p>\n","protected":false},"author":33,"featured_media":304820,"comment_status":"closed","ping_status":"closed","sticky":false,"template":"","format":"standard","meta":{"footnotes":""},"categories":[9],"tags":[6713,3717,105,311],"class_list":{"0":"post-304819","1":"post","2":"type-post","3":"status-publish","4":"format-standard","5":"has-post-thumbnail","7":"category-nacionales","8":"tag-agricultores","9":"tag-denuncia","10":"tag-venezuela","11":"tag-violencia"},"_links":{"self":[{"href":"https:\/\/elluchador.info\/index.php?rest_route=\/wp\/v2\/posts\/304819","targetHints":{"allow":["GET"]}}],"collection":[{"href":"https:\/\/elluchador.info\/index.php?rest_route=\/wp\/v2\/posts"}],"about":[{"href":"https:\/\/elluchador.info\/index.php?rest_route=\/wp\/v2\/types\/post"}],"author":[{"embeddable":true,"href":"https:\/\/elluchador.info\/index.php?rest_route=\/wp\/v2\/users\/33"}],"replies":[{"embeddable":true,"href":"https:\/\/elluchador.info\/index.php?rest_route=%2Fwp%2Fv2%2Fcomments&post=304819"}],"version-history":[{"count":1,"href":"https:\/\/elluchador.info\/index.php?rest_route=\/wp\/v2\/posts\/304819\/revisions"}],"predecessor-version":[{"id":304821,"href":"https:\/\/elluchador.info\/index.php?rest_route=\/wp\/v2\/posts\/304819\/revisions\/304821"}],"wp:featuredmedia":[{"embeddable":true,"href":"https:\/\/elluchador.info\/index.php?rest_route=\/wp\/v2\/media\/304820"}],"wp:attachment":[{"href":"https:\/\/elluchador.info\/index.php?rest_route=%2Fwp%2Fv2%2Fmedia&parent=304819"}],"wp:term":[{"taxonomy":"category","embeddable":true,"href":"https:\/\/elluchador.info\/index.php?rest_route=%2Fwp%2Fv2%2Fcategories&post=304819"},{"taxonomy":"post_tag","embeddable":true,"href":"https:\/\/elluchador.info\/index.php?rest_route=%2Fwp%2Fv2%2Ftags&post=304819"}],"curies":[{"name":"wp","href":"https:\/\/api.w.org\/{rel}","templated":true}]}}