{"id":304825,"date":"2026-03-13T08:39:11","date_gmt":"2026-03-13T12:39:11","guid":{"rendered":"https:\/\/elluchador.info\/?p=304825"},"modified":"2026-03-13T08:40:01","modified_gmt":"2026-03-13T12:40:01","slug":"bolivia-declaro-alerta-roja-en-la-paz-ante-el-incremento-de-casos-de-chikungunya","status":"publish","type":"post","link":"https:\/\/elluchador.info\/?p=304825","title":{"rendered":"Bolivia declar\u00f3 alerta roja en La Paz ante el incremento de casos de chikungunya"},"content":{"rendered":"\n<p>El Ministerio de Salud de Bolivia declar\u00f3 alerta roja en el departamento de La Paz ante el riesgo de incremento de casos de chikungunya, mientras contin\u00faan las acciones de control del mosquito transmisor en distintas regiones del pa\u00eds.<\/p>\n\n\n\n<p>La viceministra de Promoci\u00f3n, Vigilancia Epidemiol\u00f3gica y Medicina Tradicional, Roxana Salamanca, inform\u00f3 que hasta el \u00faltimo reporte epidemiol\u00f3gico se registraron cinco mil 371 casos a escala nacional, de los cuales 68 corresponden a La Paz.<\/p>\n\n\n\n<p>\u201cSe tienen cinco mil 371 casos de chikungunya en el pa\u00eds, de los cuales cuatro mil 500 corresponden a Santa Cruz, 303 a Cochabamba, 332 a Tarija, 81 a Chuquisaca y 68 a La Paz\u201d, detall\u00f3 la autoridad en conferencia de prensa.<\/p>\n\n\n\n<p>En el caso del departamento de La Paz, el Gobierno nacional activ\u00f3 la alerta roja y dispuso el apoyo con insumos para fortalecer las medidas de prevenci\u00f3n. \u201cSe ha declarado alerta roja y el Ministerio de Salud est\u00e1 apoyando con la dotaci\u00f3n de biolarvicida e insecticida para las acciones departamentales y municipales\u201d, se\u00f1al\u00f3 la viceministra.<\/p>\n\n\n\n<p>Adem\u00e1s, las autoridades reiteraron el llamado a la poblaci\u00f3n a eliminar criaderos de mosquitos, evitando recipientes con agua estancada en viviendas y espacios p\u00fablicos.<\/p>\n\n\n\n<p>Con informaci\u00f3n <strong><em>AP<\/em><\/strong><\/p>\n","protected":false},"excerpt":{"rendered":"<p>El Ministerio de Salud de Bolivia declar\u00f3 alerta roja en el departamento de La Paz ante el riesgo de incremento de casos de chikungunya, mientras contin\u00faan las acciones de control del mosquito transmisor en distintas regiones del pa\u00eds. La viceministra de Promoci\u00f3n, Vigilancia Epidemiol\u00f3gica y Medicina Tradicional, Roxana Salamanca, inform\u00f3 que hasta el \u00faltimo reporte [&hellip;]<\/p>\n","protected":false},"author":33,"featured_media":304826,"comment_status":"closed","ping_status":"closed","sticky":false,"template":"","format":"standard","meta":{"footnotes":""},"categories":[8],"tags":[725,543],"class_list":{"0":"post-304825","1":"post","2":"type-post","3":"status-publish","4":"format-standard","5":"has-post-thumbnail","7":"category-internacionales","8":"tag-alerta-roja","9":"tag-bolivia"},"_links":{"self":[{"href":"https:\/\/elluchador.info\/index.php?rest_route=\/wp\/v2\/posts\/304825","targetHints":{"allow":["GET"]}}],"collection":[{"href":"https:\/\/elluchador.info\/index.php?rest_route=\/wp\/v2\/posts"}],"about":[{"href":"https:\/\/elluchador.info\/index.php?rest_route=\/wp\/v2\/types\/post"}],"author":[{"embeddable":true,"href":"https:\/\/elluchador.info\/index.php?rest_route=\/wp\/v2\/users\/33"}],"replies":[{"embeddable":true,"href":"https:\/\/elluchador.info\/index.php?rest_route=%2Fwp%2Fv2%2Fcomments&post=304825"}],"version-history":[{"count":1,"href":"https:\/\/elluchador.info\/index.php?rest_route=\/wp\/v2\/posts\/304825\/revisions"}],"predecessor-version":[{"id":304827,"href":"https:\/\/elluchador.info\/index.php?rest_route=\/wp\/v2\/posts\/304825\/revisions\/304827"}],"wp:featuredmedia":[{"embeddable":true,"href":"https:\/\/elluchador.info\/index.php?rest_route=\/wp\/v2\/media\/304826"}],"wp:attachment":[{"href":"https:\/\/elluchador.info\/index.php?rest_route=%2Fwp%2Fv2%2Fmedia&parent=304825"}],"wp:term":[{"taxonomy":"category","embeddable":true,"href":"https:\/\/elluchador.info\/index.php?rest_route=%2Fwp%2Fv2%2Fcategories&post=304825"},{"taxonomy":"post_tag","embeddable":true,"href":"https:\/\/elluchador.info\/index.php?rest_route=%2Fwp%2Fv2%2Ftags&post=304825"}],"curies":[{"name":"wp","href":"https:\/\/api.w.org\/{rel}","templated":true}]}}