{"id":304828,"date":"2026-03-13T09:34:30","date_gmt":"2026-03-13T13:34:30","guid":{"rendered":"https:\/\/elluchador.info\/?p=304828"},"modified":"2026-03-13T09:34:44","modified_gmt":"2026-03-13T13:34:44","slug":"diaz-canel-confirma-conversaciones-con-el-gobierno-de-ee-uu","status":"publish","type":"post","link":"https:\/\/elluchador.info\/?p=304828","title":{"rendered":"D\u00edaz-Canel confirma conversaciones con el gobierno de EE.UU."},"content":{"rendered":"\n<p>El presidente de Cuba, Miguel D\u00edaz-Canel, admiti\u00f3 este jueves que su gobierno sostiene conversaciones con representantes de la administraci\u00f3n de Donald Trump, confirmando as\u00ed versiones que durante semanas fueron desmentidas o ignoradas por las autoridades de la isla.<\/p>\n\n\n\n<p>En una intervenci\u00f3n transmitida en vivo por la televisi\u00f3n estatal, el mandatario cubano explic\u00f3 que los encuentros con funcionarios estadounidenses comenzaron&nbsp;recientemente&nbsp;y forman parte de la tradici\u00f3n diplom\u00e1tica de la Revoluci\u00f3n, aunque aclar\u00f3 que no suelen responder a \u00abcampa\u00f1as especulativas\u00bb sobre estos asuntos.<\/p>\n\n\n\n<p>La declaraci\u00f3n p\u00fablica se produjo minutos antes de lo previsto, cuando la prensa oficial adelant\u00f3 que D\u00edaz-Canel se&nbsp;dirigir\u00eda&nbsp;a la naci\u00f3n desde la sede del Comit\u00e9 Central del Partido Comunista, acompa\u00f1ado por altos cargos del Bur\u00f3 Pol\u00edtico y del Consejo de Ministros.<\/p>\n\n\n\n<p><strong>El contexto del anuncio no pod\u00eda ser m\u00e1s cr\u00edtico<\/strong><\/p>\n\n\n\n<p>El l\u00edder cubano revel\u00f3 que la isla lleva m\u00e1s de tres meses sin recibir combustible, luego de que la administraci\u00f3n Trump endureciera las sanciones y amenazara con aranceles a los pa\u00edses que enviaran petr\u00f3leo a Cuba. \u00abEl impacto en la vida de nuestro pueblo es inconmensurable\u00bb,&nbsp;admiti\u00f3 D\u00edaz-Canel, refiri\u00e9ndose a la crisis energ\u00e9tica que ha paralizado sectores clave de la econom\u00eda.<\/p>\n\n\n\n<p>El gobernante enmarc\u00f3 estas conversaciones como una continuaci\u00f3n de la postura expresada el pasado 5 de febrero, cuando manifest\u00f3 la disposici\u00f3n de Cuba al di\u00e1logo bilateral. \u00abHay muchas cosas en las que podemos trabajar juntos, sin prejuicios\u00bb, insisti\u00f3, en un tono conciliador que contrasta con la habitual ret\u00f3rica antimperialista.<\/p>\n\n\n\n<p>El anuncio se produce horas despu\u00e9s de que el r\u00e9gimen cubano informara sobre la liberaci\u00f3n de 51 presos, una medida gestionada con la mediaci\u00f3n del Vaticano que algunos analistas interpretan como un gesto hacia Washington en el marco de estos acercamientos diplom\u00e1ticos.<\/p>\n\n\n\n<p>Con informaci\u00f3n <strong>Agencias.-<\/strong><\/p>\n","protected":false},"excerpt":{"rendered":"<p>El presidente de Cuba, Miguel D\u00edaz-Canel, admiti\u00f3 este jueves que su gobierno sostiene conversaciones con representantes de la administraci\u00f3n de Donald Trump, confirmando as\u00ed versiones que durante semanas fueron desmentidas o ignoradas por las autoridades de la isla. En una intervenci\u00f3n transmitida en vivo por la televisi\u00f3n estatal, el mandatario cubano explic\u00f3 que los encuentros [&hellip;]<\/p>\n","protected":false},"author":33,"featured_media":304829,"comment_status":"closed","ping_status":"closed","sticky":false,"template":"","format":"standard","meta":{"footnotes":""},"categories":[5,8],"tags":[451,1652,796],"class_list":{"0":"post-304828","1":"post","2":"type-post","3":"status-publish","4":"format-standard","5":"has-post-thumbnail","7":"category-destacado","8":"category-internacionales","9":"tag-cuba","10":"tag-dialogo-2","11":"tag-estados-unidos"},"_links":{"self":[{"href":"https:\/\/elluchador.info\/index.php?rest_route=\/wp\/v2\/posts\/304828","targetHints":{"allow":["GET"]}}],"collection":[{"href":"https:\/\/elluchador.info\/index.php?rest_route=\/wp\/v2\/posts"}],"about":[{"href":"https:\/\/elluchador.info\/index.php?rest_route=\/wp\/v2\/types\/post"}],"author":[{"embeddable":true,"href":"https:\/\/elluchador.info\/index.php?rest_route=\/wp\/v2\/users\/33"}],"replies":[{"embeddable":true,"href":"https:\/\/elluchador.info\/index.php?rest_route=%2Fwp%2Fv2%2Fcomments&post=304828"}],"version-history":[{"count":1,"href":"https:\/\/elluchador.info\/index.php?rest_route=\/wp\/v2\/posts\/304828\/revisions"}],"predecessor-version":[{"id":304830,"href":"https:\/\/elluchador.info\/index.php?rest_route=\/wp\/v2\/posts\/304828\/revisions\/304830"}],"wp:featuredmedia":[{"embeddable":true,"href":"https:\/\/elluchador.info\/index.php?rest_route=\/wp\/v2\/media\/304829"}],"wp:attachment":[{"href":"https:\/\/elluchador.info\/index.php?rest_route=%2Fwp%2Fv2%2Fmedia&parent=304828"}],"wp:term":[{"taxonomy":"category","embeddable":true,"href":"https:\/\/elluchador.info\/index.php?rest_route=%2Fwp%2Fv2%2Fcategories&post=304828"},{"taxonomy":"post_tag","embeddable":true,"href":"https:\/\/elluchador.info\/index.php?rest_route=%2Fwp%2Fv2%2Ftags&post=304828"}],"curies":[{"name":"wp","href":"https:\/\/api.w.org\/{rel}","templated":true}]}}