{"id":304833,"date":"2026-03-13T10:42:41","date_gmt":"2026-03-13T14:42:41","guid":{"rendered":"https:\/\/elluchador.info\/?p=304833"},"modified":"2026-03-13T10:42:45","modified_gmt":"2026-03-13T14:42:45","slug":"foro-penal-ha-verificado-673-excarcelaciones-de-presos-politicos","status":"publish","type":"post","link":"https:\/\/elluchador.info\/?p=304833","title":{"rendered":"Foro Penal ha verificado 673 excarcelaciones de presos pol\u00edticos"},"content":{"rendered":"\n<p>El Foro Penal inform\u00f3 el jueves, 12 de marzo, que&nbsp;ha podido verificar un total de 673 excarcelaciones de presos pol\u00edticos desde el 8 de enero, cuando se anunci\u00f3 la apertura de un proceso de \u00abliberaciones\u00bb colectivas.<\/p>\n\n\n\n<p>Esta informaci\u00f3n fue proporcionada por Alfredo Romero y Gonzalo Himiob, directores de la organizaci\u00f3n, durante una rueda de prensa.<\/p>\n\n\n\n<p>La cifra no es mucho mayor de la que hab\u00eda difundido el pasado domingo,&nbsp;8 de marzo, cuando Romero se\u00f1al\u00f3 que se hab\u00edan verificado&nbsp;670 excarcelaciones. Es decir, en el transcurso de esta semana solo se han podido verificar otras 3.<\/p>\n\n\n\n<p>Es necesario aclarar que estos n\u00fameros incluyen tanto a personas que han recibido libertad plena como a aquellas que han salido de los recintos penitenciarios pero siguen sometidas a procedimientos judiciales.<\/p>\n\n\n\n<p>Con informaci\u00f3n <strong>Sumarium<\/strong><\/p>\n","protected":false},"excerpt":{"rendered":"<p>El Foro Penal inform\u00f3 el jueves, 12 de marzo, que&nbsp;ha podido verificar un total de 673 excarcelaciones de presos pol\u00edticos desde el 8 de enero, cuando se anunci\u00f3 la apertura de un proceso de \u00abliberaciones\u00bb colectivas. Esta informaci\u00f3n fue proporcionada por Alfredo Romero y Gonzalo Himiob, directores de la organizaci\u00f3n, durante una rueda de prensa. [&hellip;]<\/p>\n","protected":false},"author":33,"featured_media":304834,"comment_status":"closed","ping_status":"closed","sticky":false,"template":"","format":"standard","meta":{"footnotes":""},"categories":[11],"tags":[2586,105],"class_list":{"0":"post-304833","1":"post","2":"type-post","3":"status-publish","4":"format-standard","5":"has-post-thumbnail","7":"category-politica","8":"tag-presos-politicos","9":"tag-venezuela"},"_links":{"self":[{"href":"https:\/\/elluchador.info\/index.php?rest_route=\/wp\/v2\/posts\/304833","targetHints":{"allow":["GET"]}}],"collection":[{"href":"https:\/\/elluchador.info\/index.php?rest_route=\/wp\/v2\/posts"}],"about":[{"href":"https:\/\/elluchador.info\/index.php?rest_route=\/wp\/v2\/types\/post"}],"author":[{"embeddable":true,"href":"https:\/\/elluchador.info\/index.php?rest_route=\/wp\/v2\/users\/33"}],"replies":[{"embeddable":true,"href":"https:\/\/elluchador.info\/index.php?rest_route=%2Fwp%2Fv2%2Fcomments&post=304833"}],"version-history":[{"count":1,"href":"https:\/\/elluchador.info\/index.php?rest_route=\/wp\/v2\/posts\/304833\/revisions"}],"predecessor-version":[{"id":304835,"href":"https:\/\/elluchador.info\/index.php?rest_route=\/wp\/v2\/posts\/304833\/revisions\/304835"}],"wp:featuredmedia":[{"embeddable":true,"href":"https:\/\/elluchador.info\/index.php?rest_route=\/wp\/v2\/media\/304834"}],"wp:attachment":[{"href":"https:\/\/elluchador.info\/index.php?rest_route=%2Fwp%2Fv2%2Fmedia&parent=304833"}],"wp:term":[{"taxonomy":"category","embeddable":true,"href":"https:\/\/elluchador.info\/index.php?rest_route=%2Fwp%2Fv2%2Fcategories&post=304833"},{"taxonomy":"post_tag","embeddable":true,"href":"https:\/\/elluchador.info\/index.php?rest_route=%2Fwp%2Fv2%2Ftags&post=304833"}],"curies":[{"name":"wp","href":"https:\/\/api.w.org\/{rel}","templated":true}]}}