{"id":304836,"date":"2026-03-13T10:49:43","date_gmt":"2026-03-13T14:49:43","guid":{"rendered":"https:\/\/elluchador.info\/?p=304836"},"modified":"2026-03-13T10:49:47","modified_gmt":"2026-03-13T14:49:47","slug":"federacion-venezolana-de-maestros-exigio-discusion-sobre-el-contrato-colectivo","status":"publish","type":"post","link":"https:\/\/elluchador.info\/?p=304836","title":{"rendered":"Federaci\u00f3n Venezolana de Maestros exigi\u00f3 discusi\u00f3n sobre el contrato colectivo"},"content":{"rendered":"\n<p>Los gremios educativos, sindicatos y estudiantes recorrieron este jueves las calles de Caracas hasta llegar a las puertas de la Asamblea Nacional, para pedir mejoras laborales urgentes.<\/p>\n\n\n\n<p>Carmen Teresa M\u00e1rquez, presidenta de la Federaci\u00f3n Venezolana de Maestros, encabez\u00f3 la manifestaci\u00f3n y denunci\u00f3 que el sector educativo&nbsp;lleva m\u00e1s de cuatro a\u00f1os esperando la discusi\u00f3n de su contrataci\u00f3n colectiva, la cual fue suspendida sin consulta previa.&nbsp;La dirigente sindical calific\u00f3 de insuficiente la pol\u00edtica de bonos implementada por el Ejecutivo, se\u00f1alando que esta no resuelve las necesidades b\u00e1sicas de los trabajadores.<\/p>\n\n\n\n<p>\u00abLos educadores recibimos un salario que no alcanza ni para cubrir la cesta b\u00e1sica, con ingresos inferiores a los dos d\u00f3lares mensuales. Esto atenta directamente contra&nbsp;nuestra&nbsp;calidad de vida\u00ab, expres\u00f3 M\u00e1rquez durante la protesta.<\/p>\n\n\n\n<p>La l\u00edder gremial hizo un llamado directo a las autoridades competentes: \u00abExigimos a la Inspector\u00eda del Trabajo y al ministro del Trabajo que respondan a los innumerables documentos que hemos consignado para activar la discusi\u00f3n de la convenci\u00f3n colectiva. No podemos seguir esperando\u00bb.<\/p>\n\n\n\n<p>La movilizaci\u00f3n, que logr\u00f3 concentrarse en los alrededores del Parlamento, tambi\u00e9n incluy\u00f3 solicitudes concretas para el aumento de las becas estudiantiles, en una&nbsp;jornada que refleja el creciente descontento del sector educativo ante la crisis salarial que enfrenta el pa\u00eds.<\/p>\n\n\n\n<p>Con informaci\u00f3n <strong><em>Medios Nacionales<\/em><\/strong><\/p>\n","protected":false},"excerpt":{"rendered":"<p>Los gremios educativos, sindicatos y estudiantes recorrieron este jueves las calles de Caracas hasta llegar a las puertas de la Asamblea Nacional, para pedir mejoras laborales urgentes. Carmen Teresa M\u00e1rquez, presidenta de la Federaci\u00f3n Venezolana de Maestros, encabez\u00f3 la manifestaci\u00f3n y denunci\u00f3 que el sector educativo&nbsp;lleva m\u00e1s de cuatro a\u00f1os esperando la discusi\u00f3n de su [&hellip;]<\/p>\n","protected":false},"author":33,"featured_media":304837,"comment_status":"closed","ping_status":"closed","sticky":false,"template":"","format":"standard","meta":{"footnotes":""},"categories":[5,9],"tags":[6715,6714,105],"class_list":{"0":"post-304836","1":"post","2":"type-post","3":"status-publish","4":"format-standard","5":"has-post-thumbnail","7":"category-destacado","8":"category-nacionales","9":"tag-contrato-colectivo","10":"tag-maestro","11":"tag-venezuela"},"_links":{"self":[{"href":"https:\/\/elluchador.info\/index.php?rest_route=\/wp\/v2\/posts\/304836","targetHints":{"allow":["GET"]}}],"collection":[{"href":"https:\/\/elluchador.info\/index.php?rest_route=\/wp\/v2\/posts"}],"about":[{"href":"https:\/\/elluchador.info\/index.php?rest_route=\/wp\/v2\/types\/post"}],"author":[{"embeddable":true,"href":"https:\/\/elluchador.info\/index.php?rest_route=\/wp\/v2\/users\/33"}],"replies":[{"embeddable":true,"href":"https:\/\/elluchador.info\/index.php?rest_route=%2Fwp%2Fv2%2Fcomments&post=304836"}],"version-history":[{"count":1,"href":"https:\/\/elluchador.info\/index.php?rest_route=\/wp\/v2\/posts\/304836\/revisions"}],"predecessor-version":[{"id":304838,"href":"https:\/\/elluchador.info\/index.php?rest_route=\/wp\/v2\/posts\/304836\/revisions\/304838"}],"wp:featuredmedia":[{"embeddable":true,"href":"https:\/\/elluchador.info\/index.php?rest_route=\/wp\/v2\/media\/304837"}],"wp:attachment":[{"href":"https:\/\/elluchador.info\/index.php?rest_route=%2Fwp%2Fv2%2Fmedia&parent=304836"}],"wp:term":[{"taxonomy":"category","embeddable":true,"href":"https:\/\/elluchador.info\/index.php?rest_route=%2Fwp%2Fv2%2Fcategories&post=304836"},{"taxonomy":"post_tag","embeddable":true,"href":"https:\/\/elluchador.info\/index.php?rest_route=%2Fwp%2Fv2%2Ftags&post=304836"}],"curies":[{"name":"wp","href":"https:\/\/api.w.org\/{rel}","templated":true}]}}