{"id":304888,"date":"2026-03-13T18:55:00","date_gmt":"2026-03-13T22:55:00","guid":{"rendered":"https:\/\/elluchador.info\/?p=304888"},"modified":"2026-03-13T18:53:37","modified_gmt":"2026-03-13T22:53:37","slug":"ecuador-declara-emergencia-nacional-por-60-dias-ante-fuertes-lluvias","status":"publish","type":"post","link":"https:\/\/elluchador.info\/?p=304888","title":{"rendered":"Ecuador declara emergencia nacional por 60 d\u00edas ante fuertes lluvias"},"content":{"rendered":"\n<p>El Gobierno de Ecuador, a trav\u00e9s de la Secretar\u00eda Nacional de Gesti\u00f3n de Riesgos (SNGR), ha declarado formalmente el estado de emergencia nacional por un periodo de 60 d\u00edas. Esta medida busca articular una respuesta inmediata y urgente ante el impacto cr\u00edtico que la \u00e9poca lluviosa ha generado en la poblaci\u00f3n, la infraestructura estrat\u00e9gica y la red vial del pa\u00eds.<\/p>\n\n\n\n<p>\u200bDesde el inicio del temporal en enero hasta la fecha, el pa\u00eds registra un saldo de 11 personas fallecidas y m\u00e1s de 46,000 ciudadanos afectados. La gravedad de la situaci\u00f3n ha obligado a las autoridades a declarar la alerta roja en las provincias de Esmeraldas, Los R\u00edos y Guayas, siendo esta \u00faltima la m\u00e1s golpeada con casi 20,000 damnificados.<\/p>\n\n\n\n<p>\u200bEl reporte t\u00e9cnico nacional detalla una infraestructura severamente comprometida:<br>\u200b82 viviendas totalmente colapsadas.<br>\u200b19 puentes destruidos.<br>\u200b1,662 eventos adversos registrados en 190 municipios.<\/p>\n\n\n\n<p>\u200bLa declaratoria de emergencia faculta la activaci\u00f3n inmediata de todas las entidades estatales para priorizar la asistencia humanitaria y la evacuaci\u00f3n de familias en zonas de alto riesgo.<\/p>\n\n\n\n<p>Ante la magnitud de la crisis, el Ejecutivo ha dispuesto que la Canciller\u00eda gestione mecanismos de cooperaci\u00f3n internacional para apuntalar la capacidad de respuesta y recursos del Estado.<\/p>\n\n\n\n<p>\u200bCon informaci\u00f3n de <strong>agencias<\/strong><\/p>\n\n\n\n<p><\/p>\n","protected":false},"excerpt":{"rendered":"<p>El Gobierno de Ecuador, a trav\u00e9s de la Secretar\u00eda Nacional de Gesti\u00f3n de Riesgos (SNGR), ha declarado formalmente el estado de emergencia nacional por un periodo de 60 d\u00edas. Esta medida busca articular una respuesta inmediata y urgente ante el impacto cr\u00edtico que la \u00e9poca lluviosa ha generado en la poblaci\u00f3n, la infraestructura estrat\u00e9gica y [&hellip;]<\/p>\n","protected":false},"author":38,"featured_media":304889,"comment_status":"closed","ping_status":"closed","sticky":false,"template":"","format":"standard","meta":{"footnotes":""},"categories":[8],"tags":[448],"class_list":{"0":"post-304888","1":"post","2":"type-post","3":"status-publish","4":"format-standard","5":"has-post-thumbnail","7":"category-internacionales","8":"tag-mundo"},"_links":{"self":[{"href":"https:\/\/elluchador.info\/index.php?rest_route=\/wp\/v2\/posts\/304888","targetHints":{"allow":["GET"]}}],"collection":[{"href":"https:\/\/elluchador.info\/index.php?rest_route=\/wp\/v2\/posts"}],"about":[{"href":"https:\/\/elluchador.info\/index.php?rest_route=\/wp\/v2\/types\/post"}],"author":[{"embeddable":true,"href":"https:\/\/elluchador.info\/index.php?rest_route=\/wp\/v2\/users\/38"}],"replies":[{"embeddable":true,"href":"https:\/\/elluchador.info\/index.php?rest_route=%2Fwp%2Fv2%2Fcomments&post=304888"}],"version-history":[{"count":1,"href":"https:\/\/elluchador.info\/index.php?rest_route=\/wp\/v2\/posts\/304888\/revisions"}],"predecessor-version":[{"id":304890,"href":"https:\/\/elluchador.info\/index.php?rest_route=\/wp\/v2\/posts\/304888\/revisions\/304890"}],"wp:featuredmedia":[{"embeddable":true,"href":"https:\/\/elluchador.info\/index.php?rest_route=\/wp\/v2\/media\/304889"}],"wp:attachment":[{"href":"https:\/\/elluchador.info\/index.php?rest_route=%2Fwp%2Fv2%2Fmedia&parent=304888"}],"wp:term":[{"taxonomy":"category","embeddable":true,"href":"https:\/\/elluchador.info\/index.php?rest_route=%2Fwp%2Fv2%2Fcategories&post=304888"},{"taxonomy":"post_tag","embeddable":true,"href":"https:\/\/elluchador.info\/index.php?rest_route=%2Fwp%2Fv2%2Ftags&post=304888"}],"curies":[{"name":"wp","href":"https:\/\/api.w.org\/{rel}","templated":true}]}}