{"id":304903,"date":"2026-03-13T19:33:00","date_gmt":"2026-03-13T23:33:00","guid":{"rendered":"https:\/\/elluchador.info\/?p=304903"},"modified":"2026-03-13T19:29:58","modified_gmt":"2026-03-13T23:29:58","slug":"presidenta-e-lidera-reunion-de-trabajo-con-delegaciones-de-venezuela-y-colombia","status":"publish","type":"post","link":"https:\/\/elluchador.info\/?p=304903","title":{"rendered":"Presidenta (E) lidera reuni\u00f3n de trabajo con delegaciones de Venezuela y Colombia"},"content":{"rendered":"\n<p>En un esfuerzo por fortalecer los lazos hist\u00f3ricos y diplom\u00e1ticos, la presidenta (E) de la Rep\u00fablica Bolivariana de Venezuela, Delcy Rodr\u00edguez, encabez\u00f3 este viernes 13 de marzo una reuni\u00f3n de trabajo de alto nivel con autoridades de la Rep\u00fablica de Colombia.<\/p>\n\n\n\n<p>El encuentro tuvo como objetivo principal coordinar \u00e1reas de cooperaci\u00f3n bilateral y consolidar la hermandad entre ambos pueblos.<\/p>\n\n\n\n<p>\u200bDurante la jornada, Rodr\u00edguez destac\u00f3 el car\u00e1cter inclusivo del modelo social venezolano, subrayando que Venezuela ha sido un hogar receptor para millones de ciudadanos colombianos a lo largo de las d\u00e9cadas.<\/p>\n\n\n\n<p>\u200b\u00bbLos hicieron parte de ellos, los hicieron venezolanos. Nunca hemos hecho ning\u00fan distingo\u00bb, afirm\u00f3 la Presidenta (E), resaltando que la din\u00e1mica fronteriza actual refleja una movilidad excepcional que convierte el territorio en un \u00abespacio binacional que se transforma en una sola patria\u00bb.<\/p>\n\n\n\n<p>\u200bLa Presidenta (E) vincul\u00f3 estos esfuerzos de integraci\u00f3n con el legado hist\u00f3rico del Libertador Sim\u00f3n Bol\u00edvar. Enfatiz\u00f3 que la meta actual es materializar el sue\u00f1o de una sola naci\u00f3n, retomando la visi\u00f3n de la Gran Colombia para trabajar de manera conjunta en una agenda binacional s\u00f3lida y de beneficio mutuo.<\/p>\n\n\n\n<p>\u200bComo resultado concreto de esta mesa de trabajo, se anunci\u00f3 la programaci\u00f3n de una cita clave para la diplomacia regional.<br>\u200b<br>\u200bEste encuentro en la capital zuliana buscar\u00e1 profundizar los mecanismos de uni\u00f3n e integraci\u00f3n, abordando temas de seguridad, comercio y desarrollo social en la zona fronteriza.<br>\u200b<br>Con informaci\u00f3n de <strong>agencias<\/strong><\/p>\n\n\n\n<p><\/p>\n","protected":false},"excerpt":{"rendered":"<p>En un esfuerzo por fortalecer los lazos hist\u00f3ricos y diplom\u00e1ticos, la presidenta (E) de la Rep\u00fablica Bolivariana de Venezuela, Delcy Rodr\u00edguez, encabez\u00f3 este viernes 13 de marzo una reuni\u00f3n de trabajo de alto nivel con autoridades de la Rep\u00fablica de Colombia. El encuentro tuvo como objetivo principal coordinar \u00e1reas de cooperaci\u00f3n bilateral y consolidar la [&hellip;]<\/p>\n","protected":false},"author":38,"featured_media":304904,"comment_status":"closed","ping_status":"closed","sticky":false,"template":"","format":"standard","meta":{"footnotes":""},"categories":[9],"tags":[105],"class_list":{"0":"post-304903","1":"post","2":"type-post","3":"status-publish","4":"format-standard","5":"has-post-thumbnail","7":"category-nacionales","8":"tag-venezuela"},"_links":{"self":[{"href":"https:\/\/elluchador.info\/index.php?rest_route=\/wp\/v2\/posts\/304903","targetHints":{"allow":["GET"]}}],"collection":[{"href":"https:\/\/elluchador.info\/index.php?rest_route=\/wp\/v2\/posts"}],"about":[{"href":"https:\/\/elluchador.info\/index.php?rest_route=\/wp\/v2\/types\/post"}],"author":[{"embeddable":true,"href":"https:\/\/elluchador.info\/index.php?rest_route=\/wp\/v2\/users\/38"}],"replies":[{"embeddable":true,"href":"https:\/\/elluchador.info\/index.php?rest_route=%2Fwp%2Fv2%2Fcomments&post=304903"}],"version-history":[{"count":1,"href":"https:\/\/elluchador.info\/index.php?rest_route=\/wp\/v2\/posts\/304903\/revisions"}],"predecessor-version":[{"id":304905,"href":"https:\/\/elluchador.info\/index.php?rest_route=\/wp\/v2\/posts\/304903\/revisions\/304905"}],"wp:featuredmedia":[{"embeddable":true,"href":"https:\/\/elluchador.info\/index.php?rest_route=\/wp\/v2\/media\/304904"}],"wp:attachment":[{"href":"https:\/\/elluchador.info\/index.php?rest_route=%2Fwp%2Fv2%2Fmedia&parent=304903"}],"wp:term":[{"taxonomy":"category","embeddable":true,"href":"https:\/\/elluchador.info\/index.php?rest_route=%2Fwp%2Fv2%2Fcategories&post=304903"},{"taxonomy":"post_tag","embeddable":true,"href":"https:\/\/elluchador.info\/index.php?rest_route=%2Fwp%2Fv2%2Ftags&post=304903"}],"curies":[{"name":"wp","href":"https:\/\/api.w.org\/{rel}","templated":true}]}}