{"id":304912,"date":"2026-03-14T08:31:38","date_gmt":"2026-03-14T12:31:38","guid":{"rendered":"https:\/\/elluchador.info\/?p=304912"},"modified":"2026-03-14T08:32:04","modified_gmt":"2026-03-14T12:32:04","slug":"delcy-rodriguez-designo-a-orlando-maniglia-como-nuevo-embajador-en-colombia","status":"publish","type":"post","link":"https:\/\/elluchador.info\/?p=304912","title":{"rendered":"Delcy Rodr\u00edguez design\u00f3 a Orlando Maniglia como nuevo embajador en Colombia"},"content":{"rendered":"\n<p>La presidenta encargada, Delcy Rodr\u00edguez,&nbsp;confirm\u00f3 la designaci\u00f3n del almirante en jefe&nbsp;Orlando Maniglia&nbsp;como el nuevo embajador de Venezuela ante la Rep\u00fablica de Colombia.<\/p>\n\n\n\n<p>Rodr\u00edguez aprovech\u00f3 una reuni\u00f3n de trabajo entre las delegaciones de ambos pa\u00edses, celebrada en el Palacio de Miraflores, para oficializar este importante movimiento diplom\u00e1tico.<\/p>\n\n\n\n<p>\u00abQuiero agradecer el benepl\u00e1cito al almirante en jefe Orlando Maniglia, que ser\u00e1 el nuevo embajador de Venezuela en la Rep\u00fablica de Colombia\u00bb, expres\u00f3 la mandataria durante el encuentro.<\/p>\n\n\n\n<p>Maniglia posee una amplia trayectoria tras desempe\u00f1arse como ministro de la Defensa entre 2005 y 2006, adem\u00e1s de haber cumplido funciones recientes como embajador venezolano en Alemania.<\/p>\n\n\n\n<p>El nuevo jefe de misi\u00f3n&nbsp;tambi\u00e9n integr\u00f3 la comisi\u00f3n enviada&nbsp;a Washington para explorar la reapertura de sedes diplom\u00e1ticas bilaterales junto al excanciller F\u00e9lix Plasencia.<\/p>\n\n\n\n<p>Esta designaci\u00f3n sustituye al general Carlos Mart\u00ednez Mendoza, luego de que el Gobierno venezolano tramitara la solicitud del benepl\u00e1cito correspondiente ante la Canciller\u00eda de Colombia.<\/p>\n\n\n\n<p>Con informaci\u00f3n <strong><em>AP<\/em><\/strong><\/p>\n","protected":false},"excerpt":{"rendered":"<p>La presidenta encargada, Delcy Rodr\u00edguez,&nbsp;confirm\u00f3 la designaci\u00f3n del almirante en jefe&nbsp;Orlando Maniglia&nbsp;como el nuevo embajador de Venezuela ante la Rep\u00fablica de Colombia. Rodr\u00edguez aprovech\u00f3 una reuni\u00f3n de trabajo entre las delegaciones de ambos pa\u00edses, celebrada en el Palacio de Miraflores, para oficializar este importante movimiento diplom\u00e1tico. \u00abQuiero agradecer el benepl\u00e1cito al almirante en jefe Orlando [&hellip;]<\/p>\n","protected":false},"author":33,"featured_media":304913,"comment_status":"closed","ping_status":"closed","sticky":false,"template":"","format":"standard","meta":{"footnotes":""},"categories":[5,11],"tags":[397,6495,105],"class_list":{"0":"post-304912","1":"post","2":"type-post","3":"status-publish","4":"format-standard","5":"has-post-thumbnail","7":"category-destacado","8":"category-politica","9":"tag-colombia","10":"tag-embajador","11":"tag-venezuela"},"_links":{"self":[{"href":"https:\/\/elluchador.info\/index.php?rest_route=\/wp\/v2\/posts\/304912","targetHints":{"allow":["GET"]}}],"collection":[{"href":"https:\/\/elluchador.info\/index.php?rest_route=\/wp\/v2\/posts"}],"about":[{"href":"https:\/\/elluchador.info\/index.php?rest_route=\/wp\/v2\/types\/post"}],"author":[{"embeddable":true,"href":"https:\/\/elluchador.info\/index.php?rest_route=\/wp\/v2\/users\/33"}],"replies":[{"embeddable":true,"href":"https:\/\/elluchador.info\/index.php?rest_route=%2Fwp%2Fv2%2Fcomments&post=304912"}],"version-history":[{"count":1,"href":"https:\/\/elluchador.info\/index.php?rest_route=\/wp\/v2\/posts\/304912\/revisions"}],"predecessor-version":[{"id":304914,"href":"https:\/\/elluchador.info\/index.php?rest_route=\/wp\/v2\/posts\/304912\/revisions\/304914"}],"wp:featuredmedia":[{"embeddable":true,"href":"https:\/\/elluchador.info\/index.php?rest_route=\/wp\/v2\/media\/304913"}],"wp:attachment":[{"href":"https:\/\/elluchador.info\/index.php?rest_route=%2Fwp%2Fv2%2Fmedia&parent=304912"}],"wp:term":[{"taxonomy":"category","embeddable":true,"href":"https:\/\/elluchador.info\/index.php?rest_route=%2Fwp%2Fv2%2Fcategories&post=304912"},{"taxonomy":"post_tag","embeddable":true,"href":"https:\/\/elluchador.info\/index.php?rest_route=%2Fwp%2Fv2%2Ftags&post=304912"}],"curies":[{"name":"wp","href":"https:\/\/api.w.org\/{rel}","templated":true}]}}