{"id":304918,"date":"2026-03-14T09:18:00","date_gmt":"2026-03-14T13:18:00","guid":{"rendered":"https:\/\/elluchador.info\/?p=304918"},"modified":"2026-03-14T09:18:00","modified_gmt":"2026-03-14T13:18:00","slug":"venezolana-denuncia-agresion-xenofoba-en-bus-de-lima-me-gritaron-veneca-de-m-vete-a-tu-pais","status":"publish","type":"post","link":"https:\/\/elluchador.info\/?p=304918","title":{"rendered":"Venezolana denuncia agresi\u00f3n xen\u00f3foba en bus de Lima: \u00abMe gritaron veneca de m\u2026 vete a tu pa\u00eds\u00bb"},"content":{"rendered":"\n<p>Una migrante venezolana que lleva ocho a\u00f1os en Per\u00fa denunci\u00f3 p\u00fablicamente haber sido v\u00edctima de un acto de xenofobia por parte de un trabajador de la empresa de transporte Huascar y de varios pasajeros que viajaban en la misma unidad.<\/p>\n\n\n\n<p>A trav\u00e9s de un video que circula en redes sociales, la mujer, visiblemente afectada, relat\u00f3 los hechos ocurridos cuando se dispon\u00eda a regresar a su hogar tras finalizar su jornada laboral. Seg\u00fan su testimonio, el incidente comenz\u00f3 cuando el cobrador del bus le exigi\u00f3 el pago de una tarifa&nbsp;superior&nbsp;a la habitual.<\/p>\n\n\n\n<p>\u00abViviendo yo a cinco minutos de donde ven\u00eda en mi centro de labores, le dije que no, porque ellos como transportistas formales tienen la posibilidad de tener su gasolina a precio normal\u00bb, explic\u00f3 la v\u00edctima sobre su reclamo inicial.<\/p>\n\n\n\n<p>La situaci\u00f3n escal\u00f3 r\u00e1pidamente cuando, ante su negativa a pagar el monto excesivo, el trabajador de la empresa Huascar respondi\u00f3 con insultos de car\u00e1cter xen\u00f3fobo. \u00abEl joven me dice a m\u00ed: \u2018Qu\u00e9 reclama, veneca de m\u2026, l\u00e1rgate a tu pa\u00eds\u2019. Me dijo tambi\u00e9n \u2018gorda de m\u2026, l\u00e1rgate a tu pa\u00eds&#8217;\u00bb, denunci\u00f3 la migrante.<\/p>\n\n\n\n<p>Lo que hizo m\u00e1s dolorosa la experiencia para la mujer fue que, en lugar de encontrar solidaridad entre los presentes, otros usuarios del transporte p\u00fablico se sumaron a los ataques. \u00abEn eso otros pasajeros que iban en el carro me dijeron \u2018vete a tu pa\u00eds veneca\u2019 y muchas cosas\u00bb, relat\u00f3.<\/p>\n\n\n\n<p>La venezolana, quien intent\u00f3 responder a los insultos sobre su peso preguntando si tener familiares con sobrepeso era algo malo, termin\u00f3 profundamente afectada por la agresi\u00f3n verbal colectiva. \u00abYo me siento mal, tengo una crisis de nervios. Ellos tienen que pagar todo el acto de xenofobia que me hicieron\u00bb, expres\u00f3 entre&nbsp;l\u00e1grimas.<\/p>\n\n\n\n<p>La denuncia ha generado diversas reacciones en plataformas digitales y organizaciones de defensa de migrantes, que han reiterado el llamado a las autoridades para investigar estos hechos y a la ciudadan\u00eda para rechazar cualquier manifestaci\u00f3n de discriminaci\u00f3n.<\/p>\n\n\n\n<p>\u00abYo tengo actualmente ocho a\u00f1os en Per\u00fa y nunca me hab\u00eda pasado lo que me pas\u00f3 hoy\u00bb, enfatiz\u00f3 la mujer, visiblemente consternada por lo que considera el primer episodio de xenofobia que sufre en todo su tiempo de residencia en el pa\u00eds.<\/p>\n\n\n\n<p>Con informaci\u00f3n de&nbsp;<strong><em>Caraota Digital<\/em><\/strong><\/p>\n","protected":false},"excerpt":{"rendered":"<p>Una migrante venezolana que lleva ocho a\u00f1os en Per\u00fa denunci\u00f3 p\u00fablicamente haber sido v\u00edctima de un acto de xenofobia por parte de un trabajador de la empresa de transporte Huascar y de varios pasajeros que viajaban en la misma unidad. A trav\u00e9s de un video que circula en redes sociales, la mujer, visiblemente afectada, relat\u00f3 [&hellip;]<\/p>\n","protected":false},"author":33,"featured_media":304919,"comment_status":"closed","ping_status":"","sticky":false,"template":"","format":"standard","meta":{"footnotes":""},"categories":[8],"tags":[1025,4182],"class_list":{"0":"post-304918","1":"post","2":"type-post","3":"status-publish","4":"format-standard","5":"has-post-thumbnail","7":"category-internacionales","8":"tag-lima","9":"tag-xenofobia"},"_links":{"self":[{"href":"https:\/\/elluchador.info\/index.php?rest_route=\/wp\/v2\/posts\/304918","targetHints":{"allow":["GET"]}}],"collection":[{"href":"https:\/\/elluchador.info\/index.php?rest_route=\/wp\/v2\/posts"}],"about":[{"href":"https:\/\/elluchador.info\/index.php?rest_route=\/wp\/v2\/types\/post"}],"author":[{"embeddable":true,"href":"https:\/\/elluchador.info\/index.php?rest_route=\/wp\/v2\/users\/33"}],"replies":[{"embeddable":true,"href":"https:\/\/elluchador.info\/index.php?rest_route=%2Fwp%2Fv2%2Fcomments&post=304918"}],"version-history":[{"count":2,"href":"https:\/\/elluchador.info\/index.php?rest_route=\/wp\/v2\/posts\/304918\/revisions"}],"predecessor-version":[{"id":304921,"href":"https:\/\/elluchador.info\/index.php?rest_route=\/wp\/v2\/posts\/304918\/revisions\/304921"}],"wp:featuredmedia":[{"embeddable":true,"href":"https:\/\/elluchador.info\/index.php?rest_route=\/wp\/v2\/media\/304919"}],"wp:attachment":[{"href":"https:\/\/elluchador.info\/index.php?rest_route=%2Fwp%2Fv2%2Fmedia&parent=304918"}],"wp:term":[{"taxonomy":"category","embeddable":true,"href":"https:\/\/elluchador.info\/index.php?rest_route=%2Fwp%2Fv2%2Fcategories&post=304918"},{"taxonomy":"post_tag","embeddable":true,"href":"https:\/\/elluchador.info\/index.php?rest_route=%2Fwp%2Fv2%2Ftags&post=304918"}],"curies":[{"name":"wp","href":"https:\/\/api.w.org\/{rel}","templated":true}]}}