{"id":304925,"date":"2026-03-14T11:55:23","date_gmt":"2026-03-14T15:55:23","guid":{"rendered":"https:\/\/elluchador.info\/?p=304925"},"modified":"2026-03-14T11:55:26","modified_gmt":"2026-03-14T15:55:26","slug":"ee-uu-iza-de-nuevo-su-bandera-en-caracas","status":"publish","type":"post","link":"https:\/\/elluchador.info\/?p=304925","title":{"rendered":"EE.UU. iza de nuevo su bandera en Caracas"},"content":{"rendered":"\n<p>Este s\u00e1bado 14 de marzo, la&nbsp;bandera de Estados Unidos iz\u00f3 de nuevo su bandera en Caracas despu\u00e9s de siete a\u00f1os de ausencia&nbsp;diplom\u00e1tica en Venezuela,&nbsp;as\u00ed lo rese\u00f1\u00f3 la&nbsp;Embajada de EE.UU. a trav\u00e9s de sus redes sociales.<\/p>\n\n\n\n<p>Con una imagen del pabell\u00f3n&nbsp;estadounidense y contundente mensaje, la&nbsp;encargada de negocios estadounidense, Laura Dogu&nbsp;junto a un grupo de oficiales y diplom\u00e1ticos realiz\u00f3 los honores de ordenanza en los jardines de la sede diplom\u00e1tica en Caracas, adem\u00e1s coment\u00f3 que \u00abha comenzado una nueva etapa entre Estados Unidos y Venezuela\u00bb.<\/p>\n\n\n<div class=\"wp-block-image\">\n<figure class=\"aligncenter size-large is-resized\"><img loading=\"lazy\" decoding=\"async\" width=\"767\" height=\"1024\" src=\"https:\/\/elluchador.info\/wp-content\/uploads\/2026\/03\/Screenshot_20260314_115133_Instagram-767x1024.jpg\" alt=\"\" class=\"wp-image-304928\" style=\"aspect-ratio:0.7490205471249423;width:485px;height:auto\" srcset=\"https:\/\/elluchador.info\/wp-content\/uploads\/2026\/03\/Screenshot_20260314_115133_Instagram-767x1024.jpg 767w, https:\/\/elluchador.info\/wp-content\/uploads\/2026\/03\/Screenshot_20260314_115133_Instagram-225x300.jpg 225w, https:\/\/elluchador.info\/wp-content\/uploads\/2026\/03\/Screenshot_20260314_115133_Instagram-768x1026.jpg 768w, https:\/\/elluchador.info\/wp-content\/uploads\/2026\/03\/Screenshot_20260314_115133_Instagram-150x200.jpg 150w, https:\/\/elluchador.info\/wp-content\/uploads\/2026\/03\/Screenshot_20260314_115133_Instagram-300x401.jpg 300w, https:\/\/elluchador.info\/wp-content\/uploads\/2026\/03\/Screenshot_20260314_115133_Instagram-696x930.jpg 696w, https:\/\/elluchador.info\/wp-content\/uploads\/2026\/03\/Screenshot_20260314_115133_Instagram-1068x1427.jpg 1068w, https:\/\/elluchador.info\/wp-content\/uploads\/2026\/03\/Screenshot_20260314_115133_Instagram.jpg 1078w\" sizes=\"auto, (max-width: 767px) 100vw, 767px\" \/><\/figure>\n<\/div>\n\n\n<p>Es de recordar que,&nbsp;en 2019, en esta misma fecha, por \u00faltima vez fue ondeada la bandera, por lo tanto, este acto tiene una carga simb\u00f3lica para el naci\u00f3n norteamericana, debido a que&nbsp;marca el reinicio formal de las operaciones diplom\u00e1ticas directas en el pa\u00eds<\/p>\n\n\n\n<p>Este acontecimiento representa un avance sustancial en las negociaciones bilaterales orientadas a normalizar los v\u00ednculos pol\u00edticos y diplom\u00e1ticos&nbsp;entre Washington y Caracas.<\/p>\n\n\n\n<p>Con informaci\u00f3n <strong><em>Medios Nacionales<\/em><\/strong><\/p>\n","protected":false},"excerpt":{"rendered":"<p>Este s\u00e1bado 14 de marzo, la&nbsp;bandera de Estados Unidos iz\u00f3 de nuevo su bandera en Caracas despu\u00e9s de siete a\u00f1os de ausencia&nbsp;diplom\u00e1tica en Venezuela,&nbsp;as\u00ed lo rese\u00f1\u00f3 la&nbsp;Embajada de EE.UU. a trav\u00e9s de sus redes sociales. Con una imagen del pabell\u00f3n&nbsp;estadounidense y contundente mensaje, la&nbsp;encargada de negocios estadounidense, Laura Dogu&nbsp;junto a un grupo de oficiales y [&hellip;]<\/p>\n","protected":false},"author":33,"featured_media":304927,"comment_status":"closed","ping_status":"closed","sticky":false,"template":"","format":"standard","meta":{"footnotes":""},"categories":[9],"tags":[796,105],"class_list":{"0":"post-304925","1":"post","2":"type-post","3":"status-publish","4":"format-standard","5":"has-post-thumbnail","7":"category-nacionales","8":"tag-estados-unidos","9":"tag-venezuela"},"_links":{"self":[{"href":"https:\/\/elluchador.info\/index.php?rest_route=\/wp\/v2\/posts\/304925","targetHints":{"allow":["GET"]}}],"collection":[{"href":"https:\/\/elluchador.info\/index.php?rest_route=\/wp\/v2\/posts"}],"about":[{"href":"https:\/\/elluchador.info\/index.php?rest_route=\/wp\/v2\/types\/post"}],"author":[{"embeddable":true,"href":"https:\/\/elluchador.info\/index.php?rest_route=\/wp\/v2\/users\/33"}],"replies":[{"embeddable":true,"href":"https:\/\/elluchador.info\/index.php?rest_route=%2Fwp%2Fv2%2Fcomments&post=304925"}],"version-history":[{"count":2,"href":"https:\/\/elluchador.info\/index.php?rest_route=\/wp\/v2\/posts\/304925\/revisions"}],"predecessor-version":[{"id":304930,"href":"https:\/\/elluchador.info\/index.php?rest_route=\/wp\/v2\/posts\/304925\/revisions\/304930"}],"wp:featuredmedia":[{"embeddable":true,"href":"https:\/\/elluchador.info\/index.php?rest_route=\/wp\/v2\/media\/304927"}],"wp:attachment":[{"href":"https:\/\/elluchador.info\/index.php?rest_route=%2Fwp%2Fv2%2Fmedia&parent=304925"}],"wp:term":[{"taxonomy":"category","embeddable":true,"href":"https:\/\/elluchador.info\/index.php?rest_route=%2Fwp%2Fv2%2Fcategories&post=304925"},{"taxonomy":"post_tag","embeddable":true,"href":"https:\/\/elluchador.info\/index.php?rest_route=%2Fwp%2Fv2%2Ftags&post=304925"}],"curies":[{"name":"wp","href":"https:\/\/api.w.org\/{rel}","templated":true}]}}