{"id":304941,"date":"2026-03-14T12:56:10","date_gmt":"2026-03-14T16:56:10","guid":{"rendered":"https:\/\/elluchador.info\/?p=304941"},"modified":"2026-03-14T12:56:14","modified_gmt":"2026-03-14T16:56:14","slug":"venezuela-y-colombia-acuerdan-nuevas-reuniones-binacionales-en-el-zulia","status":"publish","type":"post","link":"https:\/\/elluchador.info\/?p=304941","title":{"rendered":"Venezuela y Colombia acuerdan nuevas reuniones binacionales en el Zulia"},"content":{"rendered":"\n<p>Los gobiernos de Colombia y Venezuela acordaron celebrar&nbsp;una reuni\u00f3n de la Comisi\u00f3n Binacional de Buena Vecindad el pr\u00f3ximo 23 y 24 de abril,&nbsp;mientras se espera que los mandatario de ambos pa\u00edses, Gustavo Petro y Delcy Rodr\u00edguez, confirmen una nueva fecha para su encuentro, luego de que se cancelara el que ten\u00edan previsto para hoy.<\/p>\n\n\n\n<p>\u00abEl pr\u00f3ximo 23 y 24 de abril en la ciudad de Maracaibo (Zulia) se dar\u00e1 el encuentro de la Comisi\u00f3n Binacional de Buena Vecindad, cancilleres,&nbsp;queremos despliegue de esa agenda binacional para la uni\u00f3n y para la integraci\u00f3n\u00bb, dijo Rodr\u00edguez en un encuentro con una delegaci\u00f3n de ministros de Colombia, celebrada en Caracas.<\/p>\n\n\n\n<p>Igualmente, la canciller de Colombia, Rosa Villavicencio, confirm\u00f3 este pr\u00f3ximo encuentro al declarar junto a su hom\u00f3logo venezolano, Yv\u00e1n Gil, tras finalizar la reuni\u00f3n con Rodr\u00edguez en el palacio de Miraflores, sede del Ejecutivo de Venezuela.<\/p>\n\n\n\n<p>Gil indic\u00f3 que lo abordado durante esta jornada en diferentes mesas de trabajo sobre seguridad, energ\u00eda, comercio y turismo ser\u00e1 tratado en esa comisi\u00f3n,&nbsp;sin especificar si all\u00ed participar\u00e1n Rodr\u00edguez y Petro.<\/p>\n\n\n\n<p>Con informaci\u00f3n<strong><em> Medios Nacionales<\/em><\/strong><\/p>\n","protected":false},"excerpt":{"rendered":"<p>Los gobiernos de Colombia y Venezuela acordaron celebrar&nbsp;una reuni\u00f3n de la Comisi\u00f3n Binacional de Buena Vecindad el pr\u00f3ximo 23 y 24 de abril,&nbsp;mientras se espera que los mandatario de ambos pa\u00edses, Gustavo Petro y Delcy Rodr\u00edguez, confirmen una nueva fecha para su encuentro, luego de que se cancelara el que ten\u00edan previsto para hoy. \u00abEl [&hellip;]<\/p>\n","protected":false},"author":33,"featured_media":304942,"comment_status":"closed","ping_status":"closed","sticky":false,"template":"","format":"standard","meta":{"footnotes":""},"categories":[9],"tags":[397,105],"class_list":{"0":"post-304941","1":"post","2":"type-post","3":"status-publish","4":"format-standard","5":"has-post-thumbnail","7":"category-nacionales","8":"tag-colombia","9":"tag-venezuela"},"_links":{"self":[{"href":"https:\/\/elluchador.info\/index.php?rest_route=\/wp\/v2\/posts\/304941","targetHints":{"allow":["GET"]}}],"collection":[{"href":"https:\/\/elluchador.info\/index.php?rest_route=\/wp\/v2\/posts"}],"about":[{"href":"https:\/\/elluchador.info\/index.php?rest_route=\/wp\/v2\/types\/post"}],"author":[{"embeddable":true,"href":"https:\/\/elluchador.info\/index.php?rest_route=\/wp\/v2\/users\/33"}],"replies":[{"embeddable":true,"href":"https:\/\/elluchador.info\/index.php?rest_route=%2Fwp%2Fv2%2Fcomments&post=304941"}],"version-history":[{"count":1,"href":"https:\/\/elluchador.info\/index.php?rest_route=\/wp\/v2\/posts\/304941\/revisions"}],"predecessor-version":[{"id":304943,"href":"https:\/\/elluchador.info\/index.php?rest_route=\/wp\/v2\/posts\/304941\/revisions\/304943"}],"wp:featuredmedia":[{"embeddable":true,"href":"https:\/\/elluchador.info\/index.php?rest_route=\/wp\/v2\/media\/304942"}],"wp:attachment":[{"href":"https:\/\/elluchador.info\/index.php?rest_route=%2Fwp%2Fv2%2Fmedia&parent=304941"}],"wp:term":[{"taxonomy":"category","embeddable":true,"href":"https:\/\/elluchador.info\/index.php?rest_route=%2Fwp%2Fv2%2Fcategories&post=304941"},{"taxonomy":"post_tag","embeddable":true,"href":"https:\/\/elluchador.info\/index.php?rest_route=%2Fwp%2Fv2%2Ftags&post=304941"}],"curies":[{"name":"wp","href":"https:\/\/api.w.org\/{rel}","templated":true}]}}