{"id":304947,"date":"2026-03-14T14:45:00","date_gmt":"2026-03-14T18:45:00","guid":{"rendered":"https:\/\/elluchador.info\/?p=304947"},"modified":"2026-03-14T14:42:21","modified_gmt":"2026-03-14T18:42:21","slug":"netflix-y-sony-pictures-animation-confirman-la-secuela-de-las-guerreras-del-k-pop","status":"publish","type":"post","link":"https:\/\/elluchador.info\/?p=304947","title":{"rendered":"Netflix y Sony Pictures Animation confirman la secuela de \u00abLas guerreras del K-Pop\u00bb"},"content":{"rendered":"\n<p>Tras el fen\u00f3meno global que redefini\u00f3 la animaci\u00f3n y el cine musical en 2025, Netflix y Sony Pictures Animation han anunciado oficialmente la producci\u00f3n de la secuela de Las guerreras del K-Pop (K-Pop: Demon Hunters).<\/p>\n\n\n\n<p>La noticia llega en un momento de euforia para la franquicia, consolidando el futuro de los \u00eddolos cazadores de demonios que han cautivado a audiencias de todo el mundo.<\/p>\n\n\n\n<p>\u200bEl anuncio se produce tras un inicio de 2026 excepcional para la primera entrega. La pel\u00edcula se ha convertido en la gran protagonista de la temporada de premios, sumando a sus vitrinas galardones de prestigio como:<br>\u200bGlobo de Oro a la Mejor Pel\u00edcula de Animaci\u00f3n.<br>\u200bAnnie Award por su excelencia t\u00e9cnica y narrativa.<br>\u200bCritics Choice Award.<\/p>\n\n\n\n<p>\u200bM\u00e1s all\u00e1 de la pantalla, el impacto cultural se ha reflejado en las listas de \u00e9xitos. El sencillo principal, \u00abGolden\u00bb, hizo historia en la industria musical al superar los 100 millones de reproducciones semanales, demostrando que el alcance de la franquicia no tiene fronteras.<\/p>\n\n\n\n<p>\u200bPara asegurar la continuidad de la visi\u00f3n art\u00edstica que enamor\u00f3 a los fans, Netflix confirm\u00f3 que Maggie Kang y Chris Appelhans regresar\u00e1n a la silla de direcci\u00f3n. La dupla de realizadores fue la responsable de la est\u00e9tica visual innovadora y la atm\u00f3sfera sonora que definieron la primera cinta.<\/p>\n\n\n\n<p>\u200b\u00bbComo cineasta coreana, me siento muy orgullosa de que el p\u00fablico quiera m\u00e1s de esta historia\u2026 Este es solo el principio\u00bb, expres\u00f3 Maggie Kang a trav\u00e9s de un comunicado oficial.<br>\u200b<br>\u200bBela Bajaria, Directora de Contenido de Netflix, destac\u00f3 que la cinta ha logrado algo m\u00e1s que visualizaciones: ha generado una comunidad global s\u00f3lida. Con la ceremonia de los Premios Oscar programada para este domingo, el anuncio posiciona a la saga en el centro de la conversaci\u00f3n cinematogr\u00e1fica mundial.<\/p>\n\n\n\n<p>\u200bAunque los detalles de la trama se mantienen bajo estricta reserva, el estudio promete una expansi\u00f3n significativa del mundo narrativo, profundizando en la dualidad de sus protagonistas como estrellas del pop y guerreros m\u00edsticos.<\/p>\n\n\n\n<p>Con informaci\u00f3n de <strong>agencias<\/strong><\/p>\n\n\n\n<p><\/p>\n","protected":false},"excerpt":{"rendered":"<p>Tras el fen\u00f3meno global que redefini\u00f3 la animaci\u00f3n y el cine musical en 2025, Netflix y Sony Pictures Animation han anunciado oficialmente la producci\u00f3n de la secuela de Las guerreras del K-Pop (K-Pop: Demon Hunters). La noticia llega en un momento de euforia para la franquicia, consolidando el futuro de los \u00eddolos cazadores de demonios [&hellip;]<\/p>\n","protected":false},"author":38,"featured_media":304948,"comment_status":"closed","ping_status":"closed","sticky":false,"template":"","format":"standard","meta":{"footnotes":""},"categories":[7],"tags":[448],"class_list":{"0":"post-304947","1":"post","2":"type-post","3":"status-publish","4":"format-standard","5":"has-post-thumbnail","7":"category-entretenimiento","8":"tag-mundo"},"_links":{"self":[{"href":"https:\/\/elluchador.info\/index.php?rest_route=\/wp\/v2\/posts\/304947","targetHints":{"allow":["GET"]}}],"collection":[{"href":"https:\/\/elluchador.info\/index.php?rest_route=\/wp\/v2\/posts"}],"about":[{"href":"https:\/\/elluchador.info\/index.php?rest_route=\/wp\/v2\/types\/post"}],"author":[{"embeddable":true,"href":"https:\/\/elluchador.info\/index.php?rest_route=\/wp\/v2\/users\/38"}],"replies":[{"embeddable":true,"href":"https:\/\/elluchador.info\/index.php?rest_route=%2Fwp%2Fv2%2Fcomments&post=304947"}],"version-history":[{"count":1,"href":"https:\/\/elluchador.info\/index.php?rest_route=\/wp\/v2\/posts\/304947\/revisions"}],"predecessor-version":[{"id":304949,"href":"https:\/\/elluchador.info\/index.php?rest_route=\/wp\/v2\/posts\/304947\/revisions\/304949"}],"wp:featuredmedia":[{"embeddable":true,"href":"https:\/\/elluchador.info\/index.php?rest_route=\/wp\/v2\/media\/304948"}],"wp:attachment":[{"href":"https:\/\/elluchador.info\/index.php?rest_route=%2Fwp%2Fv2%2Fmedia&parent=304947"}],"wp:term":[{"taxonomy":"category","embeddable":true,"href":"https:\/\/elluchador.info\/index.php?rest_route=%2Fwp%2Fv2%2Fcategories&post=304947"},{"taxonomy":"post_tag","embeddable":true,"href":"https:\/\/elluchador.info\/index.php?rest_route=%2Fwp%2Fv2%2Ftags&post=304947"}],"curies":[{"name":"wp","href":"https:\/\/api.w.org\/{rel}","templated":true}]}}