{"id":304956,"date":"2026-03-14T15:33:00","date_gmt":"2026-03-14T19:33:00","guid":{"rendered":"https:\/\/elluchador.info\/?p=304956"},"modified":"2026-03-14T15:17:22","modified_gmt":"2026-03-14T19:17:22","slug":"muere-a-los-96-anos-el-filosofo-aleman-jurgen-habermas","status":"publish","type":"post","link":"https:\/\/elluchador.info\/?p=304956","title":{"rendered":"Muere a los 96 a\u00f1os el fil\u00f3sofo alem\u00e1n J\u00fcrgen Habermas"},"content":{"rendered":"\n<p>La editorial Suhrkamp ha confirmado el fallecimiento del fil\u00f3sofo y soci\u00f3logo alem\u00e1n J\u00fcrgen Habermas, ocurrido en su residencia de Starnberg, cerca de M\u00fanich. Con su partida, desaparece uno de los pensadores m\u00e1s influyentes de los siglos XX y XXI, cuya obra transform\u00f3 la comprensi\u00f3n de la democracia, la \u00e9tica y la comunicaci\u00f3n en las sociedades contempor\u00e1neas.<\/p>\n\n\n\n<p>\u200bHabermas es reconocido mundialmente por su Teor\u00eda de la acci\u00f3n comunicativa, una obra fundamental que sit\u00faa al lenguaje y al consenso racional como los pilares de la interacci\u00f3n social. Su pensamiento defendi\u00f3 incansablemente la idea de que la democracia solo puede prosperar mediante un debate p\u00fablico abierto, libre de coacci\u00f3n y basado en el entendimiento mutuo.<\/p>\n\n\n\n<p>\u200bNacido en D\u00fcsseldorf en 1929, la vida de Habermas estuvo profundamente marcada por la ca\u00edda del r\u00e9gimen nazi cuando ten\u00eda apenas 15 a\u00f1os. Esta experiencia temprana despert\u00f3 en \u00e9l una reflexi\u00f3n permanente sobre la responsabilidad hist\u00f3rica y moral.<\/p>\n\n\n\n<p>\u200bEn la d\u00e9cada de 1980, lider\u00f3 la \u00abDisputa de los historiadores\u00bb (Historikerstreit), oponi\u00e9ndose firmemente a cualquier intento de relativizar los cr\u00edmenes del Tercer Reich.<\/p>\n\n\n\n<p>\u200bFue un ferviente defensor de la integraci\u00f3n europea, aunque cr\u00edtico con su ejecuci\u00f3n, abogando siempre por una Europa m\u00e1s democr\u00e1tica y pol\u00edticamente cohesionada.<\/p>\n\n\n\n<p>\u200bUn aspecto distintivo de su biograf\u00eda fue su lucha infantil contra un paladar hendido. Esta dificultad personal, lejos de ser un obst\u00e1culo, se convirti\u00f3 en el motor de su inter\u00e9s por el lenguaje, al que lleg\u00f3 a considerar el elemento esencial para la construcci\u00f3n de la comunidad y la vida social.<\/p>\n\n\n\n<p>\u200bCon la muerte de Habermas, el mundo pierde al \u00faltimo gran representante de la Escuela de Frankfurt y a un intelectual que nunca temi\u00f3 bajar a la arena p\u00fablica para defender la racionalidad frente al autoritarismo.<br>\u200b<br>Con informaci\u00f3n de <strong>agencias<\/strong><\/p>\n\n\n\n<p><\/p>\n","protected":false},"excerpt":{"rendered":"<p>La editorial Suhrkamp ha confirmado el fallecimiento del fil\u00f3sofo y soci\u00f3logo alem\u00e1n J\u00fcrgen Habermas, ocurrido en su residencia de Starnberg, cerca de M\u00fanich. Con su partida, desaparece uno de los pensadores m\u00e1s influyentes de los siglos XX y XXI, cuya obra transform\u00f3 la comprensi\u00f3n de la democracia, la \u00e9tica y la comunicaci\u00f3n en las sociedades [&hellip;]<\/p>\n","protected":false},"author":38,"featured_media":304957,"comment_status":"closed","ping_status":"closed","sticky":false,"template":"","format":"standard","meta":{"footnotes":""},"categories":[8],"tags":[448],"class_list":{"0":"post-304956","1":"post","2":"type-post","3":"status-publish","4":"format-standard","5":"has-post-thumbnail","7":"category-internacionales","8":"tag-mundo"},"_links":{"self":[{"href":"https:\/\/elluchador.info\/index.php?rest_route=\/wp\/v2\/posts\/304956","targetHints":{"allow":["GET"]}}],"collection":[{"href":"https:\/\/elluchador.info\/index.php?rest_route=\/wp\/v2\/posts"}],"about":[{"href":"https:\/\/elluchador.info\/index.php?rest_route=\/wp\/v2\/types\/post"}],"author":[{"embeddable":true,"href":"https:\/\/elluchador.info\/index.php?rest_route=\/wp\/v2\/users\/38"}],"replies":[{"embeddable":true,"href":"https:\/\/elluchador.info\/index.php?rest_route=%2Fwp%2Fv2%2Fcomments&post=304956"}],"version-history":[{"count":1,"href":"https:\/\/elluchador.info\/index.php?rest_route=\/wp\/v2\/posts\/304956\/revisions"}],"predecessor-version":[{"id":304958,"href":"https:\/\/elluchador.info\/index.php?rest_route=\/wp\/v2\/posts\/304956\/revisions\/304958"}],"wp:featuredmedia":[{"embeddable":true,"href":"https:\/\/elluchador.info\/index.php?rest_route=\/wp\/v2\/media\/304957"}],"wp:attachment":[{"href":"https:\/\/elluchador.info\/index.php?rest_route=%2Fwp%2Fv2%2Fmedia&parent=304956"}],"wp:term":[{"taxonomy":"category","embeddable":true,"href":"https:\/\/elluchador.info\/index.php?rest_route=%2Fwp%2Fv2%2Fcategories&post=304956"},{"taxonomy":"post_tag","embeddable":true,"href":"https:\/\/elluchador.info\/index.php?rest_route=%2Fwp%2Fv2%2Ftags&post=304956"}],"curies":[{"name":"wp","href":"https:\/\/api.w.org\/{rel}","templated":true}]}}