{"id":304962,"date":"2026-03-14T16:47:00","date_gmt":"2026-03-14T20:47:00","guid":{"rendered":"https:\/\/elluchador.info\/?p=304962"},"modified":"2026-03-14T16:45:05","modified_gmt":"2026-03-14T20:45:05","slug":"petro-anuncia-que-colombia-y-venezuela-pediran-ingreso-pleno-al-mercosur","status":"publish","type":"post","link":"https:\/\/elluchador.info\/?p=304962","title":{"rendered":"Petro anuncia que Colombia y Venezuela pedir\u00e1n ingreso pleno al Mercosur"},"content":{"rendered":"\n<p>El presidente de Colombia, Gustavo Petro, anunci\u00f3 este s\u00e1bado que su gobierno y el de Venezuela iniciar\u00e1n gestiones conjuntas para integrarse como miembros plenos al Mercado Com\u00fan del Sur (Mercosur), buscando fortalecer la integraci\u00f3n econ\u00f3mica y pol\u00edtica de la regi\u00f3n.<\/p>\n\n\n\n<p>\u200bEl anuncio se realiz\u00f3 a trav\u00e9s de la cuenta oficial del mandatario en la red social X, tras calificar como \u201csupremamente exitosa\u201d la reuni\u00f3n de ministros de ambas naciones celebrada el viernes en Caracas.<\/p>\n\n\n\n<p><strong>\u200bHacia una integraci\u00f3n regional total<\/strong><br>\u200bActualmente, el bloque est\u00e1 compuesto por Argentina, Brasil, Paraguay y Uruguay. Mientras que Colombia ha mantenido el estatus de Estado asociado desde 2004, Venezuela busca reactivar su participaci\u00f3n tras la suspensi\u00f3n sufrida en 2017 por la aplicaci\u00f3n del Protocolo de Ushuaia.<\/p>\n\n\n\n<p>\u200b\u201cPediremos que se levante la moratoria para que entre Venezuela al Mercosur como miembro pleno. Y nosotros, como Colombia, haremos solicitud de entrada como miembro pleno al Mercosur\u201d, afirm\u00f3 el presidente Petro.<\/p>\n\n\n\n<p>\u200bAdem\u00e1s del anuncio sobre el Mercosur, el mandatario destac\u00f3 avances en otras \u00e1reas estrat\u00e9gicas fruto del di\u00e1logo bilateral:<br>\u200bIntegraci\u00f3n Energ\u00e9tica: Se avanza en planes de cooperaci\u00f3n para fortalecer la red y el suministro regional.<br>\u200bZona Binacional: Ambos gobiernos acordaron una reuni\u00f3n espec\u00edfica para desarrollar la zona fronteriza y potenciar el comercio local.<br>\u200bCuesti\u00f3n de Sanciones: Petro expres\u00f3 su expectativa de que se levanten las sanciones impuestas por la Oficina de Control de Activos Extranjeros (OFAC) de los Estados Unidos, con el fin de normalizar el flujo econ\u00f3mico.<\/p>\n\n\n\n<p>\u200bEste movimiento representa un giro significativo en la pol\u00edtica exterior colombiana, apostando por un bloque regional que permita mayor peso en las negociaciones comerciales internacionales y una cohesi\u00f3n pol\u00edtica m\u00e1s s\u00f3lida en el cono sur.<br>\u200b<br>Con informaci\u00f3n de <strong>agencias<\/strong><\/p>\n","protected":false},"excerpt":{"rendered":"<p>El presidente de Colombia, Gustavo Petro, anunci\u00f3 este s\u00e1bado que su gobierno y el de Venezuela iniciar\u00e1n gestiones conjuntas para integrarse como miembros plenos al Mercado Com\u00fan del Sur (Mercosur), buscando fortalecer la integraci\u00f3n econ\u00f3mica y pol\u00edtica de la regi\u00f3n. \u200bEl anuncio se realiz\u00f3 a trav\u00e9s de la cuenta oficial del mandatario en la red [&hellip;]<\/p>\n","protected":false},"author":38,"featured_media":304963,"comment_status":"closed","ping_status":"closed","sticky":false,"template":"","format":"standard","meta":{"footnotes":""},"categories":[11],"tags":[448,105],"class_list":{"0":"post-304962","1":"post","2":"type-post","3":"status-publish","4":"format-standard","5":"has-post-thumbnail","7":"category-politica","8":"tag-mundo","9":"tag-venezuela"},"_links":{"self":[{"href":"https:\/\/elluchador.info\/index.php?rest_route=\/wp\/v2\/posts\/304962","targetHints":{"allow":["GET"]}}],"collection":[{"href":"https:\/\/elluchador.info\/index.php?rest_route=\/wp\/v2\/posts"}],"about":[{"href":"https:\/\/elluchador.info\/index.php?rest_route=\/wp\/v2\/types\/post"}],"author":[{"embeddable":true,"href":"https:\/\/elluchador.info\/index.php?rest_route=\/wp\/v2\/users\/38"}],"replies":[{"embeddable":true,"href":"https:\/\/elluchador.info\/index.php?rest_route=%2Fwp%2Fv2%2Fcomments&post=304962"}],"version-history":[{"count":1,"href":"https:\/\/elluchador.info\/index.php?rest_route=\/wp\/v2\/posts\/304962\/revisions"}],"predecessor-version":[{"id":304964,"href":"https:\/\/elluchador.info\/index.php?rest_route=\/wp\/v2\/posts\/304962\/revisions\/304964"}],"wp:featuredmedia":[{"embeddable":true,"href":"https:\/\/elluchador.info\/index.php?rest_route=\/wp\/v2\/media\/304963"}],"wp:attachment":[{"href":"https:\/\/elluchador.info\/index.php?rest_route=%2Fwp%2Fv2%2Fmedia&parent=304962"}],"wp:term":[{"taxonomy":"category","embeddable":true,"href":"https:\/\/elluchador.info\/index.php?rest_route=%2Fwp%2Fv2%2Fcategories&post=304962"},{"taxonomy":"post_tag","embeddable":true,"href":"https:\/\/elluchador.info\/index.php?rest_route=%2Fwp%2Fv2%2Ftags&post=304962"}],"curies":[{"name":"wp","href":"https:\/\/api.w.org\/{rel}","templated":true}]}}