{"id":304997,"date":"2026-03-15T08:46:00","date_gmt":"2026-03-15T12:46:00","guid":{"rendered":"https:\/\/elluchador.info\/?p=304997"},"modified":"2026-03-15T07:49:10","modified_gmt":"2026-03-15T11:49:10","slug":"delcy-rodriguez-reitero-a-trump-el-cese-de-las-sanciones-contra-el-pais","status":"publish","type":"post","link":"https:\/\/elluchador.info\/?p=304997","title":{"rendered":"Delcy Rodr\u00edguez reiter\u00f3 a Trump el cese de las sanciones contra el pa\u00eds"},"content":{"rendered":"\n<p>En el marco de la celebraci\u00f3n del D\u00eda del Pescador Artesanal, la presidenta encargada de la Rep\u00fablica, Delcy Rodr\u00edguez, fij\u00f3 posici\u00f3n sobre la agenda comercial regional, enviando un mensaje directo a la administraci\u00f3n estadounidense y respondiendo a las recientes propuestas de integraci\u00f3n econ\u00f3mica planteadas por el gobierno de Colombia.<\/p>\n\n\n\n<p>\u200bDurante su intervenci\u00f3n, Rodr\u00edguez exhort\u00f3 al presidente de los Estados Unidos, Donald Trump, a cesar la pol\u00edtica de restricciones financieras que pesa sobre el pa\u00eds. La mandataria encargada calific\u00f3 las medidas como \u00abileg\u00edtimas\u00bb y las se\u00f1al\u00f3 como el principal obst\u00e1culo para la estabilidad econ\u00f3mica del continente.<\/p>\n\n\n\n<p>\u200b\u00bbPresidente Trump, exigimos el cese de las sanciones ileg\u00edtimas, es el sentir de un pueblo, pero tambi\u00e9n la forma de que Am\u00e9rica Latina pueda marchar y donde Venezuela tambi\u00e9n d\u00e9 su aporte regional\u00bb, manifest\u00f3.<\/p>\n\n\n\n<p>\u200bRodr\u00edguez, tambi\u00e9n abord\u00f3 la reciente iniciativa del mandatario colombiano, Gustavo Petro, quien propuso establecer un arancel 0 para el intercambio comercial entre ambas naciones. Al respecto, la Jefa de Estado encargada fue enf\u00e1tica al se\u00f1alar que, aunque existe voluntad pol\u00edtica para la integraci\u00f3n, las sanciones actuales generan una competencia desleal para el productor local.<\/p>\n\n\n\n<p>\u200bLa mandataria explic\u00f3 que el sector agroindustrial venezolano no puede competir en igualdad de t\u00e9rminos mientras existan restricciones de financiamiento y log\u00edstica derivadas del bloqueo.<\/p>\n\n\n\n<p>\u200b\u00bbPresidente Petro, nos gustar\u00eda, pero no se puede porque el pueblo est\u00e1 sancionado\u2026 no podemos ir en igualdad de condiciones\u00bb, afirm\u00f3 Rodr\u00edguez.<\/p>\n\n\n\n<p>\u200bLa funcionaria subray\u00f3 que el deber del Ejecutivo es proteger y acompa\u00f1ar al sector productivo nacional. En este sentido, puntualiz\u00f3 que cualquier apertura al comercio exterior debe garantizar beneficios reales para el pueblo venezolano, evitando condiciones de vulnerabilidad frente a mercados extranjeros que no enfrentan las mismas limitaciones internacionales.<\/p>\n\n\n\n<p>Para finalizar, Delcy Rodr\u00edguez reiter\u00f3 que Venezuela mantiene su disposici\u00f3n de restablecer relaciones de amistad y trabajo compartido bajo principios de respeto absoluto a la soberan\u00eda. Sin embargo, recalc\u00f3 que el punto de partida para cualquier alianza comercial s\u00f3lida debe ser el levantamiento de las sanciones que limitan el potencial exportador del pa\u00eds.<\/p>\n\n\n\n<p>\u200bCon informaci\u00f3n de <strong>agencias<\/strong><\/p>\n\n\n\n<p><\/p>\n","protected":false},"excerpt":{"rendered":"<p>En el marco de la celebraci\u00f3n del D\u00eda del Pescador Artesanal, la presidenta encargada de la Rep\u00fablica, Delcy Rodr\u00edguez, fij\u00f3 posici\u00f3n sobre la agenda comercial regional, enviando un mensaje directo a la administraci\u00f3n estadounidense y respondiendo a las recientes propuestas de integraci\u00f3n econ\u00f3mica planteadas por el gobierno de Colombia. \u200bDurante su intervenci\u00f3n, Rodr\u00edguez exhort\u00f3 al [&hellip;]<\/p>\n","protected":false},"author":38,"featured_media":304994,"comment_status":"closed","ping_status":"closed","sticky":false,"template":"","format":"standard","meta":{"footnotes":""},"categories":[11],"tags":[105],"class_list":{"0":"post-304997","1":"post","2":"type-post","3":"status-publish","4":"format-standard","5":"has-post-thumbnail","7":"category-politica","8":"tag-venezuela"},"_links":{"self":[{"href":"https:\/\/elluchador.info\/index.php?rest_route=\/wp\/v2\/posts\/304997","targetHints":{"allow":["GET"]}}],"collection":[{"href":"https:\/\/elluchador.info\/index.php?rest_route=\/wp\/v2\/posts"}],"about":[{"href":"https:\/\/elluchador.info\/index.php?rest_route=\/wp\/v2\/types\/post"}],"author":[{"embeddable":true,"href":"https:\/\/elluchador.info\/index.php?rest_route=\/wp\/v2\/users\/38"}],"replies":[{"embeddable":true,"href":"https:\/\/elluchador.info\/index.php?rest_route=%2Fwp%2Fv2%2Fcomments&post=304997"}],"version-history":[{"count":1,"href":"https:\/\/elluchador.info\/index.php?rest_route=\/wp\/v2\/posts\/304997\/revisions"}],"predecessor-version":[{"id":304998,"href":"https:\/\/elluchador.info\/index.php?rest_route=\/wp\/v2\/posts\/304997\/revisions\/304998"}],"wp:featuredmedia":[{"embeddable":true,"href":"https:\/\/elluchador.info\/index.php?rest_route=\/wp\/v2\/media\/304994"}],"wp:attachment":[{"href":"https:\/\/elluchador.info\/index.php?rest_route=%2Fwp%2Fv2%2Fmedia&parent=304997"}],"wp:term":[{"taxonomy":"category","embeddable":true,"href":"https:\/\/elluchador.info\/index.php?rest_route=%2Fwp%2Fv2%2Fcategories&post=304997"},{"taxonomy":"post_tag","embeddable":true,"href":"https:\/\/elluchador.info\/index.php?rest_route=%2Fwp%2Fv2%2Ftags&post=304997"}],"curies":[{"name":"wp","href":"https:\/\/api.w.org\/{rel}","templated":true}]}}