{"id":305025,"date":"2026-03-15T12:26:00","date_gmt":"2026-03-15T16:26:00","guid":{"rendered":"https:\/\/elluchador.info\/?p=305025"},"modified":"2026-03-15T12:24:26","modified_gmt":"2026-03-15T16:24:26","slug":"delcy-rodriguez-prometio-que-venezuela-muy-pronto-izara-su-bandera-en-la-embajada-en-ee-uu","status":"publish","type":"post","link":"https:\/\/elluchador.info\/?p=305025","title":{"rendered":"Delcy Rodr\u00edguez prometi\u00f3 que Venezuela \u201cmuy pronto\u201d izar\u00e1 su bandera en la embajada en EE. UU."},"content":{"rendered":"\n<p>En un giro hist\u00f3rico para la geopol\u00edtica regional, la presidenta encargada de Venezuela, Delcy Rodr\u00edguez, anunci\u00f3 que el pa\u00eds se prepara para izar nuevamente el tricolor nacional en su embajada en los Estados Unidos. Este anuncio sigue a la reanudaci\u00f3n formal de las relaciones diplom\u00e1ticas entre Caracas y Washington tras siete a\u00f1os de ruptura.<\/p>\n\n\n\n<p>\u200bEl anuncio se produce tras un gesto rec\u00edproco por parte de la delegaci\u00f3n norteamericana. El pasado s\u00e1bado 14 de marzo, la embajadora Laura Dogu encabez\u00f3 el izado de la bandera estadounidense en Caracas, exactamente siete a\u00f1os despu\u00e9s de haber sido arriada en 2019.<\/p>\n\n\n\n<p>\u200b\u201cMuy pronto estaremos izando la bandera de nuestro tricolor en nuestra embajada en los Estados Unidos\u201d, declar\u00f3 Rodr\u00edguez durante un acto transmitido por VTV. \u201cEstamos demostrando que, con la frente en alto, podemos llevar adelante relaciones de respeto mutuo\u201d.<\/p>\n\n\n\n<p>\u200b<strong>Agenda bilateral y apertura econ\u00f3mica<\/strong><br>\u200bLa nueva etapa de las relaciones bilaterales no solo se centra en la diplomacia simb\u00f3lica, sino en una hoja de ruta estrat\u00e9gica que incluye:<br>\u200bDerechos Humanos: Garant\u00edas fundamentales como eje del di\u00e1logo.<br>\u200bSeguridad Jur\u00eddica: Retorno de inversores internacionales al mercado venezolano.<br>\u200bEnerg\u00eda: Prioridad en la reactivaci\u00f3n de industrias estrat\u00e9gicas para fortalecer la econom\u00eda nacional.<\/p>\n\n\n\n<p>\u200bEn este contexto de apertura, la presidenta encargada ha impulsado reformas clave, incluyendo la modificaci\u00f3n de la Ley de Hidrocarburos y la cesi\u00f3n del control de sectores petroleros a empresas privadas, facilitando la firma de nuevos acuerdos internacionales.<\/p>\n\n\n\n<p><strong>\u200bCooperaci\u00f3n regional: Encuentro con Colombia<\/strong><br>\u200bComo parte de esta intensa agenda internacional, la presidenta Rodr\u00edguez mantuvo el 13 de marzo una reuni\u00f3n de alto nivel con representantes del gobierno colombiano. En el encuentro participaron el ministro de Defensa de Colombia, Pedro S\u00e1nchez, y la canciller Rosa Villavicencio, con el fin de coordinar esfuerzos de estabilidad y seguridad fronteriza.<\/p>\n\n\n\n<p>\u200bLa embajadora Laura Dogu calific\u00f3 este periodo como el inicio de una \u00abnueva era\u00bb para ambas naciones, marcando un hito en la normalizaci\u00f3n de la presencia norteamericana en el sector energ\u00e9tico venezolano.<\/p>\n\n\n\n<p>\u200bCon informaci\u00f3n de <strong>agencias<\/strong><\/p>\n\n\n\n<p><\/p>\n","protected":false},"excerpt":{"rendered":"<p>En un giro hist\u00f3rico para la geopol\u00edtica regional, la presidenta encargada de Venezuela, Delcy Rodr\u00edguez, anunci\u00f3 que el pa\u00eds se prepara para izar nuevamente el tricolor nacional en su embajada en los Estados Unidos. Este anuncio sigue a la reanudaci\u00f3n formal de las relaciones diplom\u00e1ticas entre Caracas y Washington tras siete a\u00f1os de ruptura. \u200bEl [&hellip;]<\/p>\n","protected":false},"author":38,"featured_media":305026,"comment_status":"closed","ping_status":"closed","sticky":false,"template":"","format":"standard","meta":{"footnotes":""},"categories":[9],"tags":[105],"class_list":{"0":"post-305025","1":"post","2":"type-post","3":"status-publish","4":"format-standard","5":"has-post-thumbnail","7":"category-nacionales","8":"tag-venezuela"},"_links":{"self":[{"href":"https:\/\/elluchador.info\/index.php?rest_route=\/wp\/v2\/posts\/305025","targetHints":{"allow":["GET"]}}],"collection":[{"href":"https:\/\/elluchador.info\/index.php?rest_route=\/wp\/v2\/posts"}],"about":[{"href":"https:\/\/elluchador.info\/index.php?rest_route=\/wp\/v2\/types\/post"}],"author":[{"embeddable":true,"href":"https:\/\/elluchador.info\/index.php?rest_route=\/wp\/v2\/users\/38"}],"replies":[{"embeddable":true,"href":"https:\/\/elluchador.info\/index.php?rest_route=%2Fwp%2Fv2%2Fcomments&post=305025"}],"version-history":[{"count":1,"href":"https:\/\/elluchador.info\/index.php?rest_route=\/wp\/v2\/posts\/305025\/revisions"}],"predecessor-version":[{"id":305027,"href":"https:\/\/elluchador.info\/index.php?rest_route=\/wp\/v2\/posts\/305025\/revisions\/305027"}],"wp:featuredmedia":[{"embeddable":true,"href":"https:\/\/elluchador.info\/index.php?rest_route=\/wp\/v2\/media\/305026"}],"wp:attachment":[{"href":"https:\/\/elluchador.info\/index.php?rest_route=%2Fwp%2Fv2%2Fmedia&parent=305025"}],"wp:term":[{"taxonomy":"category","embeddable":true,"href":"https:\/\/elluchador.info\/index.php?rest_route=%2Fwp%2Fv2%2Fcategories&post=305025"},{"taxonomy":"post_tag","embeddable":true,"href":"https:\/\/elluchador.info\/index.php?rest_route=%2Fwp%2Fv2%2Ftags&post=305025"}],"curies":[{"name":"wp","href":"https:\/\/api.w.org\/{rel}","templated":true}]}}